{"id":1436,"date":"2015-02-18T00:08:52","date_gmt":"2015-02-18T00:08:52","guid":{"rendered":"http:\/\/www.partidogen.org.ar\/web\/?p=1436"},"modified":"2015-02-21T15:47:19","modified_gmt":"2015-02-21T15:47:19","slug":"stolbizer-y-el-gen-participaran-de-la-marcha-del-18f-en-homenaje-a-nisman","status":"publish","type":"post","link":"https:\/\/www.partidogen.org.ar\/web\/stolbizer-y-el-gen-participaran-de-la-marcha-del-18f-en-homenaje-a-nisman\/","title":{"rendered":"STOLBIZER Y EL GEN PARTICIPAR\u00c1N DE LA MARCHA DEL 18F EN HOMENAJE A NISMAN"},"content":{"rendered":"<p><img loading=\"lazy\" decoding=\"async\" src=\"http:\/\/www.partidogen.org.ar\/web\/wp-content\/uploads\/2015\/02\/130.jpg\" alt=\"MARCHA DEL 18F\" width=\"1232\" height=\"335\" class=\"alignnone size-full wp-image-1442\" srcset=\"https:\/\/www.partidogen.org.ar\/web\/wp-content\/uploads\/2015\/02\/130.jpg 1232w, https:\/\/www.partidogen.org.ar\/web\/wp-content\/uploads\/2015\/02\/130-300x81.jpg 300w, https:\/\/www.partidogen.org.ar\/web\/wp-content\/uploads\/2015\/02\/130-1024x278.jpg 1024w, https:\/\/www.partidogen.org.ar\/web\/wp-content\/uploads\/2015\/02\/130-100x27.jpg 100w, https:\/\/www.partidogen.org.ar\/web\/wp-content\/uploads\/2015\/02\/130-150x40.jpg 150w, https:\/\/www.partidogen.org.ar\/web\/wp-content\/uploads\/2015\/02\/130-200x54.jpg 200w, https:\/\/www.partidogen.org.ar\/web\/wp-content\/uploads\/2015\/02\/130-450x122.jpg 450w, https:\/\/www.partidogen.org.ar\/web\/wp-content\/uploads\/2015\/02\/130-600x163.jpg 600w, https:\/\/www.partidogen.org.ar\/web\/wp-content\/uploads\/2015\/02\/130-900x244.jpg 900w\" sizes=\"auto, (max-width: 1232px) 100vw, 1232px\" \/><br \/>\n<img loading=\"lazy\" decoding=\"async\" src=\"http:\/\/margaritastolbizer.com.ar\/wp-content\/uploads\/2015\/02\/118-150x150.jpg\" alt=\"Margarita Stolbizer\" width=\"150\" height=\"150\" class=\"alignleft size-thumbnail wp-image-1286\" \/><br \/>\n17\/02\/2015 &#8211; <strong><span class=\"first\">E<\/span>l Partido GEN adhiri\u00f3 a la Marcha del Silencio convocada para el 18 de febrero y su presidenta Margarita Stolbizer participar\u00e1 de la misma, que se reunir\u00e1 en el Congreso a las 18:00 hs.<\/strong><\/p>\n<p>\u00abRespetamos la convocatoria de los fiscales que tiene el sentido de un homenaje al Fiscal Alberto Nisman, para hacer notar que ni su familia ni el cuerpo de fiscales de la Naci\u00f3n contaron con el apoyo ni el acompa\u00f1amiento de un gobierno que ha preferido ignorar, minimizar y descalificar la Marcha\u201d.<\/p>\n<p>Por estas mismas razones, porque la Presidenta no se puso al frente del homenaje ni expres\u00f3 condolencias a la familia, la marcha tambi\u00e9n representa a mucha gente indignada, enojada con el gobierno, y que reclama justicia.<\/p>\n<p>\u201cLa marcha es un hecho pol\u00edtico (no un acto partidario), que volver\u00e1 a poner en evidencia la debilidad de un gobierno que hace las cosas siempre en el sentido contrario al que la sociedad espera. El papel de la Presidenta ha sido lamentable. Todos hubi\u00e9ramos querido de ella un gesto humano que la mostrara como una persona sensible y respetuosa. Si eso hubiera existido tal vez ni hubiera habido Marcha\u201d.<\/p>\n<p>\u201cEl silencio sonar\u00e1 atronador, como un grito desesperado de quienes queremos decir al mundo que no queremos vivir en el miedo. La mayor incertidumbre es de qu\u00e9 manera van a conducir los pr\u00f3ximos diez meses. Porque los funcionarios del m\u00e1s alto nivel est\u00e1n demostrando que no est\u00e1n en condiciones\u201d.<\/p>\n<p>Para Stolbizer \u201cTodos los anuncios de golpe son un repetido sinsentido del Gobierno que trata de ponerse en posici\u00f3n de v\u00edctima para sacar ventaja. Ya nadie les cree- Y los argentinos hemos aprendido a valorar la democracia que no entregaremos por nada. La gente quiere que se vayan, en elecciones limpias, pudiendo elegir con libertad. Creo que los \u00fanicos que podr\u00edan querer un golpe son ellos mismos para terminar su mandato como si fueran v\u00edctimas. Es un comportamiento poco democr\u00e1tico, no aceptar la finalizaci\u00f3n del ciclo, la libertad de expresi\u00f3n y la alternancia en el poder\u201d.<\/p>\n<p>\u201cLos fiscales van a la marcha como un homenaje sentido a su colega muerto. Pero la mayor\u00eda de los participantes lo har\u00e1 en un reclamo de justicia, de esperanza, de transparencia. No hay que interferir en las causas, pero hay que exigir investigaciones claras, eficaces y respuestas cre\u00edbles, para que finalmente podamos tener verdad y justicia, tanto en el atentado a la AMIA, como en relaci\u00f3n a la denuncia de Nisman sobre el plan de encubrimiento, y en la investigaci\u00f3n de la muerte del fiscal\u201d.<\/p>\n","protected":false},"excerpt":{"rendered":"<p>El Partido GEN adhiri\u00f3 a la Marcha del Silencio convocada para el 18 de febrero y su presidenta Margarita Stolbizer participar\u00e1 de la misma, que se reunir\u00e1 en el Congreso a las 18:00 hs.<\/p>\n","protected":false},"author":2,"featured_media":1442,"comment_status":"closed","ping_status":"closed","sticky":false,"template":"","format":"standard","meta":{"footnotes":""},"categories":[44,91],"tags":[],"class_list":["post-1436","post","type-post","status-publish","format-standard","has-post-thumbnail","hentry","category-actualidad","category-caso-nisman"],"_links":{"self":[{"href":"https:\/\/www.partidogen.org.ar\/web\/wp-json\/wp\/v2\/posts\/1436","targetHints":{"allow":["GET"]}}],"collection":[{"href":"https:\/\/www.partidogen.org.ar\/web\/wp-json\/wp\/v2\/posts"}],"about":[{"href":"https:\/\/www.partidogen.org.ar\/web\/wp-json\/wp\/v2\/types\/post"}],"author":[{"embeddable":true,"href":"https:\/\/www.partidogen.org.ar\/web\/wp-json\/wp\/v2\/users\/2"}],"replies":[{"embeddable":true,"href":"https:\/\/www.partidogen.org.ar\/web\/wp-json\/wp\/v2\/comments?post=1436"}],"version-history":[{"count":0,"href":"https:\/\/www.partidogen.org.ar\/web\/wp-json\/wp\/v2\/posts\/1436\/revisions"}],"wp:featuredmedia":[{"embeddable":true,"href":"https:\/\/www.partidogen.org.ar\/web\/wp-json\/wp\/v2\/media\/1442"}],"wp:attachment":[{"href":"https:\/\/www.partidogen.org.ar\/web\/wp-json\/wp\/v2\/media?parent=1436"}],"wp:term":[{"taxonomy":"category","embeddable":true,"href":"https:\/\/www.partidogen.org.ar\/web\/wp-json\/wp\/v2\/categories?post=1436"},{"taxonomy":"post_tag","embeddable":true,"href":"https:\/\/www.partidogen.org.ar\/web\/wp-json\/wp\/v2\/tags?post=1436"}],"curies":[{"name":"wp","href":"https:\/\/api.w.org\/{rel}","templated":true}]}}