{"id":14311,"date":"2025-06-12T11:23:19","date_gmt":"2025-06-12T14:23:19","guid":{"rendered":"https:\/\/www.partidogen.org.ar\/web\/?p=14311"},"modified":"2025-06-12T11:32:52","modified_gmt":"2025-06-12T14:32:52","slug":"el-partido-gen-chubut-lanzo-la-agrupacion-espiritual-puentes-de-fe","status":"publish","type":"post","link":"https:\/\/www.partidogen.org.ar\/web\/el-partido-gen-chubut-lanzo-la-agrupacion-espiritual-puentes-de-fe\/","title":{"rendered":"EL PARTIDO GEN \u2013 CHUBUT \u2013 LANZ\u00d3 LA AGRUPACI\u00d3N ESPIRITUAL \u201cPuentes de Fe\u201d"},"content":{"rendered":"\n<figure class=\"wp-block-image size-large\"><img loading=\"lazy\" decoding=\"async\" width=\"1024\" height=\"429\" src=\"https:\/\/www.partidogen.org.ar\/web\/wp-content\/uploads\/2025\/06\/DestacadaChubut12062025-1024x429.jpg\" alt=\"\" class=\"wp-image-14312\" srcset=\"https:\/\/www.partidogen.org.ar\/web\/wp-content\/uploads\/2025\/06\/DestacadaChubut12062025-1024x429.jpg 1024w, https:\/\/www.partidogen.org.ar\/web\/wp-content\/uploads\/2025\/06\/DestacadaChubut12062025-300x126.jpg 300w, https:\/\/www.partidogen.org.ar\/web\/wp-content\/uploads\/2025\/06\/DestacadaChubut12062025-768x322.jpg 768w, https:\/\/www.partidogen.org.ar\/web\/wp-content\/uploads\/2025\/06\/DestacadaChubut12062025.jpg 1400w\" sizes=\"auto, (max-width: 1024px) 100vw, 1024px\" \/><\/figure>\n\n\n\n<p>Est\u00e1 integrada por afiliadas\/os del partido, feligreses de distintas denominaciones religiosas. El objetivo es acompa\u00f1ar al Partido con programas relacionadas a las \u00e1reas sociales y espirituales organizando adem\u00e1s actividades abiertas al p\u00fablico.<\/p>\n\n\n\n<p>De acuerdo a lo previsto en la Carta Org\u00e1nica que rige las actuaciones del Partido GEN-distrito Chubut-qued\u00f3 conformada este martes la Agrupaci\u00f3n Espiritual \u201cPuentes de Fe\u201d destinada a fortalecer la uni\u00f3n y la paz mundial. La misma re\u00fane a distintas denominaciones religiosas cuyas actividades estar\u00e1n enfocadas en fortalecer al partido en las \u00e1reas sociales y espirituales.<\/p>\n\n\n\n<p>La reuni\u00f3n tuvo lugar en Puerto Madryn y se desarroll\u00f3 en formato semipresencial. Participaron autoridades del Partido, entre ellos: Oscar Petersen, Presidente del GEN en Chubut; Eduardo Gonz\u00e1lez, Vicepresidente del GEN en Chubut; Alejandra Ardeti, Delegada Nacional; Rosana Etcheverry, Secretaria General Gen en Chubut; Ana Petersen, Secretaria del Congreso provincial y Boris Wenker, vocal titular del Congreso Provincial.<\/p>\n\n\n\n<p>El presidente del Partido GEN encabez\u00f3 la reuni\u00f3n, al que asistieron 20 personas, donde se aprob\u00f3 el reglamento interno con el voto un\u00e1nime de los presentes, as\u00ed como el nombre elegido para la Agrupaci\u00f3n. En esta reuni\u00f3n inaugural se designaron coordinadores; por la FE Cat\u00f3lica: Eduardo Gonz\u00e1lez y Andrea Mayol, y por la FE Evang\u00e9lica: Alejandra Ardeti y Dora Ceballos. En el encuentro qued\u00f3 establecido el cronograma de reuniones para este a\u00f1o.<\/p>\n\n\n\n<p>Desde la Agrupaci\u00f3n Puentes de Fe coincidieron adem\u00e1s en que \u201ces hora que hermanos de la fe comiencen a involucrarse en la buena pol\u00edtica, impregn\u00e1ndola de valores, impulsando la transformaci\u00f3n de una nueva pol\u00edtica, alejada de la corrupci\u00f3n y las mezquindades\u201d.<\/p>\n\n\n\n<p>La Agrupaci\u00f3n tiene como objetivo reunir a personas relacionadas con la fe, de distintas denominaciones y desde el mismo momento de ser constituida, se\u00f1alaron que \u201cest\u00e1 abierta a todos los afiliados que deseen participar, de cualquier denominaci\u00f3n religiosa, y por supuesto a quienes a\u00fan no est\u00e1n afiliados afiliados del Partido GEN, los invitamos gustosamente a formar parte de este equipo\u201d.<\/p>\n","protected":false},"excerpt":{"rendered":"<p>La Agrupaci\u00f3n tiene como objetivo reunir a personas relacionadas con la fe, de distintas denominaciones y desde el mismo momento de ser constituida, se\u00f1alaron que \u201cest\u00e1 abierta a todos los afiliados que deseen participar, de cualquier denominaci\u00f3n religiosa, y por supuesto a quienes a\u00fan no est\u00e1n afiliados afiliados del Partido GEN, los invitamos gustosamente a formar parte de este equipo\u201d.<\/p>\n","protected":false},"author":2,"featured_media":14312,"comment_status":"closed","ping_status":"closed","sticky":false,"template":"","format":"standard","meta":{"footnotes":""},"categories":[438],"tags":[],"class_list":["post-14311","post","type-post","status-publish","format-standard","has-post-thumbnail","hentry","category-chubut"],"_links":{"self":[{"href":"https:\/\/www.partidogen.org.ar\/web\/wp-json\/wp\/v2\/posts\/14311","targetHints":{"allow":["GET"]}}],"collection":[{"href":"https:\/\/www.partidogen.org.ar\/web\/wp-json\/wp\/v2\/posts"}],"about":[{"href":"https:\/\/www.partidogen.org.ar\/web\/wp-json\/wp\/v2\/types\/post"}],"author":[{"embeddable":true,"href":"https:\/\/www.partidogen.org.ar\/web\/wp-json\/wp\/v2\/users\/2"}],"replies":[{"embeddable":true,"href":"https:\/\/www.partidogen.org.ar\/web\/wp-json\/wp\/v2\/comments?post=14311"}],"version-history":[{"count":2,"href":"https:\/\/www.partidogen.org.ar\/web\/wp-json\/wp\/v2\/posts\/14311\/revisions"}],"predecessor-version":[{"id":14315,"href":"https:\/\/www.partidogen.org.ar\/web\/wp-json\/wp\/v2\/posts\/14311\/revisions\/14315"}],"wp:featuredmedia":[{"embeddable":true,"href":"https:\/\/www.partidogen.org.ar\/web\/wp-json\/wp\/v2\/media\/14312"}],"wp:attachment":[{"href":"https:\/\/www.partidogen.org.ar\/web\/wp-json\/wp\/v2\/media?parent=14311"}],"wp:term":[{"taxonomy":"category","embeddable":true,"href":"https:\/\/www.partidogen.org.ar\/web\/wp-json\/wp\/v2\/categories?post=14311"},{"taxonomy":"post_tag","embeddable":true,"href":"https:\/\/www.partidogen.org.ar\/web\/wp-json\/wp\/v2\/tags?post=14311"}],"curies":[{"name":"wp","href":"https:\/\/api.w.org\/{rel}","templated":true}]}}