{"id":14270,"date":"2025-02-16T10:16:48","date_gmt":"2025-02-16T13:16:48","guid":{"rendered":"https:\/\/www.partidogen.org.ar\/web\/?p=14270"},"modified":"2025-02-16T10:29:43","modified_gmt":"2025-02-16T13:29:43","slug":"el-partido-gen-rechaza-las-explicaciones-por-la-promocion-presidencial-de-libra","status":"publish","type":"post","link":"https:\/\/www.partidogen.org.ar\/web\/el-partido-gen-rechaza-las-explicaciones-por-la-promocion-presidencial-de-libra\/","title":{"rendered":"EL PARTIDO GEN RECHAZA LAS EXPLICACIONES POR LA PROMOCI\u00d3N PRESIDENCIAL DE $LIBRA"},"content":{"rendered":"\t\t<div data-elementor-type=\"wp-post\" data-elementor-id=\"14270\" class=\"elementor elementor-14270\">\n\t\t\t\t\t\t\t<div class=\"elementor-element elementor-element-bb801fc e-con-boxed e-flex e-con\" data-id=\"bb801fc\" data-element_type=\"container\" data-settings=\"{&quot;content_width&quot;:&quot;boxed&quot;}\">\n\t\t\t\t\t<div class=\"e-con-inner\">\n\t\t\t\t<div class=\"elementor-element elementor-element-c0dcd86 elementor-widget elementor-widget-text-editor\" data-id=\"c0dcd86\" data-element_type=\"widget\" data-widget_type=\"text-editor.default\">\n\t\t\t\t<div class=\"elementor-widget-container\">\n\t\t\t<style>\/*! elementor - v3.13.3 - 22-05-2023 *\/\n.elementor-widget-text-editor.elementor-drop-cap-view-stacked .elementor-drop-cap{background-color:#69727d;color:#fff}.elementor-widget-text-editor.elementor-drop-cap-view-framed .elementor-drop-cap{color:#69727d;border:3px solid;background-color:transparent}.elementor-widget-text-editor:not(.elementor-drop-cap-view-default) .elementor-drop-cap{margin-top:8px}.elementor-widget-text-editor:not(.elementor-drop-cap-view-default) .elementor-drop-cap-letter{width:1em;height:1em}.elementor-widget-text-editor .elementor-drop-cap{float:left;text-align:center;line-height:1;font-size:50px}.elementor-widget-text-editor .elementor-drop-cap-letter{display:inline-block}<\/style>\t\t\t\t<p><!-- wp:paragraph --><\/p>\n<p><strong><em>Consideramos de extrema gravedad la reciente promoci\u00f3n del token $LIBRA desde la cuenta oficial del presidente Javier Milei. No por apoyar una empresa, sino por<\/em> <em>difundir irresponsablemente un activo financiero especulativo sin regulaci\u00f3n ni resguardos. \u201cNo estaba interiorizado\u201d, reconoci\u00f3 el propio presidente<\/em>.<\/strong><\/p>\n<p><!-- \/wp:paragraph --><\/p>\n<p><!-- wp:paragraph --><\/p>\n<p>Es inaceptable que un instrumento de extrema volatilidad, que gener\u00f3 pocos beneficiados (retiraron millones de d\u00f3lares en minutos) y los cientos de inversores enga\u00f1ados, sea avalado por la investidura presidencial. En nuestro pa\u00eds, los mercados financieros est\u00e1n regulados para evitar este tipo de maniobras, garantizando la transparencia y la protecci\u00f3n de los inversores. Pero en este caso, la intervenci\u00f3n de Milei, para la maniobra conocida como rug pull, fue clave: se impulsa un activo para luego desplomarlo, beneficiando a unos pocos mientras los dem\u00e1s pierden su dinero.<\/p>\n<p><!-- \/wp:paragraph --><\/p>\n<p><!-- wp:paragraph --><\/p>\n<p>El problema principal no es si un presidente puede o no opinar sobre empresas privadas, todos los presidentes lo han hecho, visitando f\u00e1bricas y emprendimientos. En cambio, lo hizo sobre un instrumento financiero cuya publicidad est\u00e1 regulada, sujeta a normativas estrictas para evitar fraudes y enga\u00f1os. Las entidades financieras no pueden promocionar inversiones sin garant\u00edas ni precisi\u00f3n de datos, porque inducir a la compra de un activo sin informaci\u00f3n clara puede hacer que miles de personas pierdan todo su capital en minutos.<\/p>\n<p><!-- \/wp:paragraph --><\/p>\n<p><!-- wp:paragraph --><\/p>\n<p>Milei podr\u00eda haber violado normativas clave, incluyendo art\u00edculos del C\u00f3digo Penal y de la Ley de Entidades Financieras. Espec\u00edficamente:<\/p>\n<p><!-- \/wp:paragraph --><\/p>\n<p><!-- wp:paragraph --><\/p>\n<p><em>Art\u00edculo 300 y 306 del C\u00f3digo Penal, que sancionan la manipulaci\u00f3n informativa y<\/em> <em>ello incide en los precios de activos financieros.<\/em> <\/p>\n<p><!-- \/wp:paragraph --><\/p>\n<p><!-- wp:paragraph --><\/p>\n<p><em>\u2022 Art\u00edculos 112 y 113 de la Ley 26.831 de Mercado de Capitales, que regulan la<\/em> <em>publicidad de instrumentos financieros y exigen precisi\u00f3n en los datos ofrecidos.<\/em> <\/p>\n<p><!-- \/wp:paragraph --><\/p>\n<p><!-- wp:paragraph --><\/p>\n<p><em>\u2022 Articulo 29 de la Ley N\u00ba 24.083 de FONDOS COMUNES DE INVERSION<\/em><\/p>\n<p><!-- \/wp:paragraph --><\/p>\n<p><!-- wp:paragraph --><\/p>\n<p>Frente a esta calamidad, desde el Partido GEN exigimos una explicaci\u00f3n inmediata del Presidente. \u00bfQui\u00e9nes fueron los beneficiados de esta maniobra? \u00bfPor qu\u00e9 el presidente us\u00f3 su cuenta oficial para promocionar un activo de riesgo sin advertencias ni garant\u00edas? \u00bfQu\u00e9 autorizaci\u00f3n para operar ten\u00edan de la CNV y por qu\u00e9 no contaban con instrumentos de seguridad para un desplome tan veloz?<\/p>\n<p><!-- \/wp:paragraph --><\/p>\n<p><!-- wp:paragraph --><\/p>\n<p>La confianza en los mercados y en el sistema financiero no se construye con especulaci\u00f3n irresponsable ni con maniobras poco transparentes, y mucho menos con un presidente promocionando ese tipo de operaciones sin atender la legislaci\u00f3n vigente que lo proh\u00edbe.<\/p>\n<p><!-- \/wp:paragraph --><\/p>\n<p><!-- wp:paragraph --><\/p>\n<p>Cuando acusa a la oposici\u00f3n que denuncia la gravedad de sus conductas, lo hace desde una casta financiera a la que pertenece, que asol\u00f3 la Argentina durante d\u00e9cadas, y que hoy, con su liderazgo ante el absoluto fracaso del modelo del gobierno anterior, encandil\u00f3 nuevamente con las mieles de la \u201cplata dulce\u201d, de aquella \u201cpatria financiera\u201d modernizada, cuya mayor impacto fue la idea de que la plata en el sistema financiero argentino \u201ctrabaja\u201d. No tenemos confusiones respecto a su matriz de pensamiento.<\/p>\n<p><!-- \/wp:paragraph --><\/p>\n<p><!-- wp:paragraph --><\/p>\n<p>Nada tiene que ver este formato que Ud. promociona de inversi\u00f3n para especulaci\u00f3n, con un genuino capitalismo de inversi\u00f3n para el desarrollo. Los mayores par\u00e1sitos en los \u00faltimos 50 a\u00f1os en la Argentina, que retrocedi\u00f3 en su desarrollo, fueron los especuladores financieros. No sirvieron para dar pr\u00e9stamos ni inversi\u00f3n, y s\u00ed para estafas como la que Ud. incit\u00f3.<\/p>\n<p><!-- \/wp:paragraph --><\/p>\n<p><!-- wp:paragraph --><\/p>\n<p>Argentina tiene reglas claras para proteger a los ciudadanos de estos abusos y Ud. las ha transgredido. El Estado no puede ser utilizado para promover operaciones especulativas que perjudican a los argentinos incumpliendo esas normas.<\/p>\n<p><!-- \/wp:paragraph --><\/p>\t\t\t\t\t\t<\/div>\n\t\t\t\t<\/div>\n\t\t\t\t\t<\/div>\n\t\t\t\t<\/div>\n\t\t<div class=\"elementor-element elementor-element-597a866 e-con-boxed e-flex e-con\" data-id=\"597a866\" data-element_type=\"container\" data-settings=\"{&quot;content_width&quot;:&quot;boxed&quot;}\">\n\t\t\t\t\t<div class=\"e-con-inner\">\n\t\t<div class=\"elementor-element elementor-element-2f3adc8 e-con-full e-flex e-con\" data-id=\"2f3adc8\" data-element_type=\"container\" data-settings=\"{&quot;content_width&quot;:&quot;full&quot;}\">\n\t\t\t\t<div class=\"elementor-element elementor-element-74d9c1c elementor-widget elementor-widget-heading\" data-id=\"74d9c1c\" data-element_type=\"widget\" data-widget_type=\"heading.default\">\n\t\t\t\t<div class=\"elementor-widget-container\">\n\t\t\t<style>\/*! elementor - v3.13.3 - 22-05-2023 *\/\n.elementor-heading-title{padding:0;margin:0;line-height:1}.elementor-widget-heading .elementor-heading-title[class*=elementor-size-]>a{color:inherit;font-size:inherit;line-height:inherit}.elementor-widget-heading .elementor-heading-title.elementor-size-small{font-size:15px}.elementor-widget-heading .elementor-heading-title.elementor-size-medium{font-size:19px}.elementor-widget-heading .elementor-heading-title.elementor-size-large{font-size:29px}.elementor-widget-heading .elementor-heading-title.elementor-size-xl{font-size:39px}.elementor-widget-heading .elementor-heading-title.elementor-size-xxl{font-size:59px}<\/style><h6 class=\"elementor-heading-title elementor-size-small\">Gonzalo Toselli\n<\/h6>\t\t<\/div>\n\t\t\t\t<\/div>\n\t\t\t\t<div class=\"elementor-element elementor-element-ac1e6de elementor-widget elementor-widget-heading\" data-id=\"ac1e6de\" data-element_type=\"widget\" data-widget_type=\"heading.default\">\n\t\t\t\t<div class=\"elementor-widget-container\">\n\t\t\t<h6 class=\"elementor-heading-title elementor-size-small\">Secretario General<\/h6>\t\t<\/div>\n\t\t\t\t<\/div>\n\t\t\t\t<\/div>\n\t\t<div class=\"elementor-element elementor-element-d5c25e1 e-con-full e-flex e-con\" data-id=\"d5c25e1\" data-element_type=\"container\" data-settings=\"{&quot;content_width&quot;:&quot;full&quot;}\">\n\t\t\t\t<div class=\"elementor-element elementor-element-41490c7 elementor-widget elementor-widget-heading\" data-id=\"41490c7\" data-element_type=\"widget\" data-widget_type=\"heading.default\">\n\t\t\t\t<div class=\"elementor-widget-container\">\n\t\t\t<h6 class=\"elementor-heading-title elementor-size-small\">Sergio Abrevaya\n<\/h6>\t\t<\/div>\n\t\t\t\t<\/div>\n\t\t\t\t<div class=\"elementor-element elementor-element-047bab2 elementor-widget elementor-widget-heading\" data-id=\"047bab2\" data-element_type=\"widget\" data-widget_type=\"heading.default\">\n\t\t\t\t<div class=\"elementor-widget-container\">\n\t\t\t<h6 class=\"elementor-heading-title elementor-size-small\">Presidente<\/h6>\t\t<\/div>\n\t\t\t\t<\/div>\n\t\t\t\t<\/div>\n\t\t\t\t\t<\/div>\n\t\t\t\t<\/div>\n\t\t<div class=\"elementor-element elementor-element-3bdf1a9 e-con-boxed e-flex e-con\" data-id=\"3bdf1a9\" data-element_type=\"container\" data-settings=\"{&quot;content_width&quot;:&quot;boxed&quot;}\">\n\t\t\t\t\t<div class=\"e-con-inner\">\n\t\t\t\t<div class=\"elementor-element elementor-element-a6333d5 elementor-widget elementor-widget-image\" data-id=\"a6333d5\" data-element_type=\"widget\" data-widget_type=\"image.default\">\n\t\t\t\t<div class=\"elementor-widget-container\">\n\t\t\t<style>\/*! elementor - v3.13.3 - 22-05-2023 *\/\n.elementor-widget-image{text-align:center}.elementor-widget-image a{display:inline-block}.elementor-widget-image a img[src$=\".svg\"]{width:48px}.elementor-widget-image img{vertical-align:middle;display:inline-block}<\/style>\t\t\t\t\t\t\t\t\t\t\t\t<img loading=\"lazy\" decoding=\"async\" width=\"158\" height=\"30\" src=\"https:\/\/www.partidogen.org.ar\/web\/wp-content\/uploads\/2018\/04\/logoGEN2018_web.png\" class=\"attachment-large size-large wp-image-7827\" alt=\"\" \/>\t\t\t\t\t\t\t\t\t\t\t\t\t\t\t<\/div>\n\t\t\t\t<\/div>\n\t\t\t\t\t<\/div>\n\t\t\t\t<\/div>\n\t\t\t\t\t\t\t<\/div>\n\t\t","protected":false},"excerpt":{"rendered":"<p>Consideramos de extrema gravedad la reciente promoci\u00f3n del token $LIBRA desde la cuenta oficial del presidente Javier Milei. No por apoyar una empresa, sino por difundir irresponsablemente un activo financiero especulativo sin regulaci\u00f3n ni resguardos. \u201cNo estaba interiorizado\u201d, reconoci\u00f3 el propio presidente.<\/p>\n","protected":false},"author":2,"featured_media":0,"comment_status":"closed","ping_status":"closed","sticky":false,"template":"","format":"standard","meta":{"footnotes":""},"categories":[44,223],"tags":[139],"class_list":["post-14270","post","type-post","status-publish","format-standard","hentry","category-actualidad","category-declaracion-partido-gen","tag-declaracion-partido-gen"],"_links":{"self":[{"href":"https:\/\/www.partidogen.org.ar\/web\/wp-json\/wp\/v2\/posts\/14270","targetHints":{"allow":["GET"]}}],"collection":[{"href":"https:\/\/www.partidogen.org.ar\/web\/wp-json\/wp\/v2\/posts"}],"about":[{"href":"https:\/\/www.partidogen.org.ar\/web\/wp-json\/wp\/v2\/types\/post"}],"author":[{"embeddable":true,"href":"https:\/\/www.partidogen.org.ar\/web\/wp-json\/wp\/v2\/users\/2"}],"replies":[{"embeddable":true,"href":"https:\/\/www.partidogen.org.ar\/web\/wp-json\/wp\/v2\/comments?post=14270"}],"version-history":[{"count":7,"href":"https:\/\/www.partidogen.org.ar\/web\/wp-json\/wp\/v2\/posts\/14270\/revisions"}],"predecessor-version":[{"id":14279,"href":"https:\/\/www.partidogen.org.ar\/web\/wp-json\/wp\/v2\/posts\/14270\/revisions\/14279"}],"wp:attachment":[{"href":"https:\/\/www.partidogen.org.ar\/web\/wp-json\/wp\/v2\/media?parent=14270"}],"wp:term":[{"taxonomy":"category","embeddable":true,"href":"https:\/\/www.partidogen.org.ar\/web\/wp-json\/wp\/v2\/categories?post=14270"},{"taxonomy":"post_tag","embeddable":true,"href":"https:\/\/www.partidogen.org.ar\/web\/wp-json\/wp\/v2\/tags?post=14270"}],"curies":[{"name":"wp","href":"https:\/\/api.w.org\/{rel}","templated":true}]}}