{"id":14246,"date":"2024-12-03T23:21:00","date_gmt":"2024-12-04T02:21:00","guid":{"rendered":"https:\/\/www.partidogen.org.ar\/web\/?p=14246"},"modified":"2024-12-05T11:15:10","modified_gmt":"2024-12-05T14:15:10","slug":"comunicado-oficial-del-partido-gen","status":"publish","type":"post","link":"https:\/\/www.partidogen.org.ar\/web\/comunicado-oficial-del-partido-gen\/","title":{"rendered":"REPUDIAMOS LAS AMENAZAS NARCO QUE ATENTAN CONTRA LA DEMOCRACIA"},"content":{"rendered":"\t\t<div data-elementor-type=\"wp-post\" data-elementor-id=\"14246\" class=\"elementor elementor-14246\">\n\t\t\t\t\t\t\t<div class=\"elementor-element elementor-element-5b1be61 e-con-boxed e-flex e-con\" data-id=\"5b1be61\" data-element_type=\"container\" data-settings=\"{&quot;content_width&quot;:&quot;boxed&quot;}\">\n\t\t\t\t\t<div class=\"e-con-inner\">\n\t\t\t\t<div class=\"elementor-element elementor-element-3dd09e5 elementor-widget elementor-widget-text-editor\" data-id=\"3dd09e5\" data-element_type=\"widget\" data-widget_type=\"text-editor.default\">\n\t\t\t\t<div class=\"elementor-widget-container\">\n\t\t\t<style>\/*! elementor - v3.13.3 - 22-05-2023 *\/\n.elementor-widget-text-editor.elementor-drop-cap-view-stacked .elementor-drop-cap{background-color:#69727d;color:#fff}.elementor-widget-text-editor.elementor-drop-cap-view-framed .elementor-drop-cap{color:#69727d;border:3px solid;background-color:transparent}.elementor-widget-text-editor:not(.elementor-drop-cap-view-default) .elementor-drop-cap{margin-top:8px}.elementor-widget-text-editor:not(.elementor-drop-cap-view-default) .elementor-drop-cap-letter{width:1em;height:1em}.elementor-widget-text-editor .elementor-drop-cap{float:left;text-align:center;line-height:1;font-size:50px}.elementor-widget-text-editor .elementor-drop-cap-letter{display:inline-block}<\/style>\t\t\t\t<p>Desde el Partido GEN repudiamos las amenazas dirigidas contra Patricia Bullrich (Ministra de Seguridad de la Naci\u00f3n) y Maximiliano Pullaro (Gobernador de Santa Fe), as\u00ed como contra jueces y fiscales, que buscan intimidar y socavar las instituciones democr\u00e1ticas.<\/p><p>Expresamos nuestra solidaridad con los afectados y exigimos una investigaci\u00f3n inmediata para garantizar que los responsables enfrenten la justicia.<\/p><p>La lucha contra el narcotr\u00e1fico requiere unidad pol\u00edtica y medidas concretas para proteger a nuestra sociedad, defender la democracia y erradicar estas mafias que amenazan la paz social.<\/p>\t\t\t\t\t\t<\/div>\n\t\t\t\t<\/div>\n\t\t<div class=\"elementor-element elementor-element-e2ec55f e-con-boxed e-flex e-con\" data-id=\"e2ec55f\" data-element_type=\"container\" data-settings=\"{&quot;content_width&quot;:&quot;boxed&quot;}\">\n\t\t\t\t\t<div class=\"e-con-inner\">\n\t\t<div class=\"elementor-element elementor-element-1c72a98 e-con-full e-flex e-con\" data-id=\"1c72a98\" data-element_type=\"container\" data-settings=\"{&quot;content_width&quot;:&quot;full&quot;}\">\n\t\t\t\t<div class=\"elementor-element elementor-element-c37dd07 elementor-widget elementor-widget-heading\" data-id=\"c37dd07\" data-element_type=\"widget\" data-widget_type=\"heading.default\">\n\t\t\t\t<div class=\"elementor-widget-container\">\n\t\t\t<style>\/*! elementor - v3.13.3 - 22-05-2023 *\/\n.elementor-heading-title{padding:0;margin:0;line-height:1}.elementor-widget-heading .elementor-heading-title[class*=elementor-size-]>a{color:inherit;font-size:inherit;line-height:inherit}.elementor-widget-heading .elementor-heading-title.elementor-size-small{font-size:15px}.elementor-widget-heading .elementor-heading-title.elementor-size-medium{font-size:19px}.elementor-widget-heading .elementor-heading-title.elementor-size-large{font-size:29px}.elementor-widget-heading .elementor-heading-title.elementor-size-xl{font-size:39px}.elementor-widget-heading .elementor-heading-title.elementor-size-xxl{font-size:59px}<\/style><h6 class=\"elementor-heading-title elementor-size-small\">Gonzalo Toselli\n<\/h6>\t\t<\/div>\n\t\t\t\t<\/div>\n\t\t\t\t<div class=\"elementor-element elementor-element-d9a6600 elementor-widget elementor-widget-heading\" data-id=\"d9a6600\" data-element_type=\"widget\" data-widget_type=\"heading.default\">\n\t\t\t\t<div class=\"elementor-widget-container\">\n\t\t\t<h6 class=\"elementor-heading-title elementor-size-small\">Secretario General<\/h6>\t\t<\/div>\n\t\t\t\t<\/div>\n\t\t\t\t<\/div>\n\t\t<div class=\"elementor-element elementor-element-ae3d5f6 e-con-full e-flex e-con\" data-id=\"ae3d5f6\" data-element_type=\"container\" data-settings=\"{&quot;content_width&quot;:&quot;full&quot;}\">\n\t\t\t\t<div class=\"elementor-element elementor-element-93d05bc elementor-widget elementor-widget-heading\" data-id=\"93d05bc\" data-element_type=\"widget\" data-widget_type=\"heading.default\">\n\t\t\t\t<div class=\"elementor-widget-container\">\n\t\t\t<h6 class=\"elementor-heading-title elementor-size-small\">Sergio Abrevaya\n<\/h6>\t\t<\/div>\n\t\t\t\t<\/div>\n\t\t\t\t<div class=\"elementor-element elementor-element-5bcaf0c elementor-widget elementor-widget-heading\" data-id=\"5bcaf0c\" data-element_type=\"widget\" data-widget_type=\"heading.default\">\n\t\t\t\t<div class=\"elementor-widget-container\">\n\t\t\t<h6 class=\"elementor-heading-title elementor-size-small\">Presidente<\/h6>\t\t<\/div>\n\t\t\t\t<\/div>\n\t\t\t\t<\/div>\n\t\t\t\t\t<\/div>\n\t\t\t\t<\/div>\n\t\t\t\t<div class=\"elementor-element elementor-element-ada8e56 elementor-widget elementor-widget-image\" data-id=\"ada8e56\" data-element_type=\"widget\" data-widget_type=\"image.default\">\n\t\t\t\t<div class=\"elementor-widget-container\">\n\t\t\t<style>\/*! elementor - v3.13.3 - 22-05-2023 *\/\n.elementor-widget-image{text-align:center}.elementor-widget-image a{display:inline-block}.elementor-widget-image a img[src$=\".svg\"]{width:48px}.elementor-widget-image img{vertical-align:middle;display:inline-block}<\/style>\t\t\t\t\t\t\t\t\t\t\t\t<img loading=\"lazy\" decoding=\"async\" width=\"158\" height=\"30\" src=\"https:\/\/www.partidogen.org.ar\/web\/wp-content\/uploads\/2018\/04\/logoGEN2018_web.png\" class=\"attachment-large size-large wp-image-7827\" alt=\"\" \/>\t\t\t\t\t\t\t\t\t\t\t\t\t\t\t<\/div>\n\t\t\t\t<\/div>\n\t\t\t\t\t<\/div>\n\t\t\t\t<\/div>\n\t\t\t\t\t\t\t<\/div>\n\t\t","protected":false},"excerpt":{"rendered":"<p>Desde el Partido GEN repudiamos las amenazas dirigidas contra Patricia Bullrich (Ministra de Seguridad de la Naci\u00f3n) y Maximiliano Pullaro (Gobernador de Santa Fe), as\u00ed como contra jueces y fiscales, que buscan intimidar y socavar las instituciones democr\u00e1ticas. Expresamos nuestra solidaridad con los afectados y exigimos una investigaci\u00f3n inmediata para garantizar que los responsables enfrenten [&hellip;]<\/p>\n","protected":false},"author":2,"featured_media":0,"comment_status":"closed","ping_status":"closed","sticky":false,"template":"","format":"standard","meta":{"footnotes":""},"categories":[44,223],"tags":[508],"class_list":["post-14246","post","type-post","status-publish","format-standard","hentry","category-actualidad","category-declaracion-partido-gen","tag-comunicado-gen"],"_links":{"self":[{"href":"https:\/\/www.partidogen.org.ar\/web\/wp-json\/wp\/v2\/posts\/14246","targetHints":{"allow":["GET"]}}],"collection":[{"href":"https:\/\/www.partidogen.org.ar\/web\/wp-json\/wp\/v2\/posts"}],"about":[{"href":"https:\/\/www.partidogen.org.ar\/web\/wp-json\/wp\/v2\/types\/post"}],"author":[{"embeddable":true,"href":"https:\/\/www.partidogen.org.ar\/web\/wp-json\/wp\/v2\/users\/2"}],"replies":[{"embeddable":true,"href":"https:\/\/www.partidogen.org.ar\/web\/wp-json\/wp\/v2\/comments?post=14246"}],"version-history":[{"count":10,"href":"https:\/\/www.partidogen.org.ar\/web\/wp-json\/wp\/v2\/posts\/14246\/revisions"}],"predecessor-version":[{"id":14258,"href":"https:\/\/www.partidogen.org.ar\/web\/wp-json\/wp\/v2\/posts\/14246\/revisions\/14258"}],"wp:attachment":[{"href":"https:\/\/www.partidogen.org.ar\/web\/wp-json\/wp\/v2\/media?parent=14246"}],"wp:term":[{"taxonomy":"category","embeddable":true,"href":"https:\/\/www.partidogen.org.ar\/web\/wp-json\/wp\/v2\/categories?post=14246"},{"taxonomy":"post_tag","embeddable":true,"href":"https:\/\/www.partidogen.org.ar\/web\/wp-json\/wp\/v2\/tags?post=14246"}],"curies":[{"name":"wp","href":"https:\/\/api.w.org\/{rel}","templated":true}]}}