{"id":1424,"date":"2015-02-13T17:00:11","date_gmt":"2015-02-13T17:00:11","guid":{"rendered":"http:\/\/www.partidogen.org.ar\/web\/?p=1424"},"modified":"2015-02-18T13:18:05","modified_gmt":"2015-02-18T13:18:05","slug":"la-imputacion-es-fundamental-para-que-se-avance-en-la-investigacion","status":"publish","type":"post","link":"https:\/\/www.partidogen.org.ar\/web\/la-imputacion-es-fundamental-para-que-se-avance-en-la-investigacion\/","title":{"rendered":"\u201cLA IMPUTACI\u00d3N ES FUNDAMENTAL PARA QUE SE AVANCE EN LA INVESTIGACI\u00d3N\u201d"},"content":{"rendered":"<p><img loading=\"lazy\" decoding=\"async\" src=\"http:\/\/www.partidogen.org.ar\/web\/wp-content\/uploads\/2015\/02\/124.jpg\" alt=\"\u201cLA IMPUTACI\u00d3N ES FUNDAMENTAL PARA QUE SE AVANCE EN LA INVESTIGACI\u00d3N\u201d\" width=\"1232\" height=\"335\" class=\"alignnone size-full wp-image-1425\" srcset=\"https:\/\/www.partidogen.org.ar\/web\/wp-content\/uploads\/2015\/02\/124.jpg 1232w, https:\/\/www.partidogen.org.ar\/web\/wp-content\/uploads\/2015\/02\/124-300x81.jpg 300w, https:\/\/www.partidogen.org.ar\/web\/wp-content\/uploads\/2015\/02\/124-1024x278.jpg 1024w, https:\/\/www.partidogen.org.ar\/web\/wp-content\/uploads\/2015\/02\/124-100x27.jpg 100w, https:\/\/www.partidogen.org.ar\/web\/wp-content\/uploads\/2015\/02\/124-150x40.jpg 150w, https:\/\/www.partidogen.org.ar\/web\/wp-content\/uploads\/2015\/02\/124-200x54.jpg 200w, https:\/\/www.partidogen.org.ar\/web\/wp-content\/uploads\/2015\/02\/124-450x122.jpg 450w, https:\/\/www.partidogen.org.ar\/web\/wp-content\/uploads\/2015\/02\/124-600x163.jpg 600w, https:\/\/www.partidogen.org.ar\/web\/wp-content\/uploads\/2015\/02\/124-900x244.jpg 900w\" sizes=\"auto, (max-width: 1232px) 100vw, 1232px\" \/><br \/>\n<strong><span class=\"first\">S<\/span>tolbizer se manifest\u00f3 sobre la imputaci\u00f3n a CFK y expres\u00f3 los motivos por los que el bloque GEN-FAP no particip\u00f3 de la comisi\u00f3n para reforma ley de inteligencia.<\/strong><\/p>\n<p>13 de febrero 2015. Margarita Stolbizer, diputada nacional y miembro de la Comisi\u00f3n de Justicia, habl\u00f3 sobre la imputaci\u00f3n a Cristina Fern\u00e1ndez de Kirchner por la denuncia de Nisman y expres\u00f3 los motivos por los que el Bloque GEN-FAP que preside no particip\u00f3 del plenario de comisiones en el que se trat\u00f3 el proyecto de ley que reforma el \u00e1rea de Inteligencia del Estado. <\/p>\n<p>\u201cNo vamos a prestarnos a las trampas del oficialismo para cambiar el eje del debate y para esconder sus responsabilidades por el encubrimiento del atentado\u201d, afirm\u00f3.<\/p>\n<p>Sobre la decisi\u00f3n del fiscal Pollicita de imputar a la Presidenta de la Naci\u00f3n, dijo: \u201cLa imputaci\u00f3n es fundamental para que se avance en la investigaci\u00f3n de Nisman y que fue, sin duda, la causa misma de su muerte\u201d.<\/p>\n<p>\u201cLa denuncia del fiscal Nisman es de una enorme gravedad. Esta cuesti\u00f3n nos pone en la mirada atenta y cr\u00edtica del mundo entero, y por eso la justicia debe dar muestras de su independencia actuando con diligencia para garantizar el funcionamiento del estado de derecho y las instituciones democr\u00e1ticas. El Poder Ejecutivo debe dejar de interferir para frenar la acci\u00f3n de jueces y fiscales\u201d, y agreg\u00f3: \u201cEl avance de la investigaci\u00f3n demostrar\u00e1 las verdades que Nisman hab\u00eda encontrado y que molestaron al poder. La Justicia debe demostrar que no hay amedrentamiento frente a presiones y amenazas, y que el peligro no es investigar sino al contrario porque lo peor para la Argentina es la impunidad\u201d.<\/p>\n<p>Stolbizer tambi\u00e9n expres\u00f3 que viene pidiendo la apertura de archivos de la canciller\u00eda porque ah\u00ed se esconden las pruebas de las negociaciones con Ir\u00e1n.  Al respecto dijo: \u201cEsos archivos con cables confidenciales y reservados nada tienen que ver con lo que ha presentado hoy la procuraci\u00f3n del tesoro para frenar la denuncia del Fiscal Nisman\u201d.<\/p>\n<p>Por \u00faltimo, la presidenta del Partido GEN, afirm\u00f3 que \u201clas escuchas telef\u00f3nicas involucran de manera directa al gobierno y resultan una prueba fundamental del delito y de sus autores\u201d. \u201cSon tramposos porque intentan tapar y desviar la atenci\u00f3n. Antes de reformar el sistema de inteligencia deber\u00edan rendir cuentas sobre lo que han hecho\u201d.<\/p>\n","protected":false},"excerpt":{"rendered":"<p>Stolbizer se manifest\u00f3 sobre la imputaci\u00f3n a CFK y expres\u00f3 los motivos por los que el bloque GEN-FAP no particip\u00f3 de la comisi\u00f3n para reforma ley de inteligencia. 13 de febrero 2015. Margarita Stolbizer, diputada nacional y miembro de la Comisi\u00f3n de Justicia, habl\u00f3 sobre la imputaci\u00f3n a Cristina Fern\u00e1ndez de Kirchner por la denuncia [&hellip;]<\/p>\n","protected":false},"author":2,"featured_media":1425,"comment_status":"closed","ping_status":"closed","sticky":false,"template":"","format":"standard","meta":{"footnotes":""},"categories":[44,91],"tags":[],"class_list":["post-1424","post","type-post","status-publish","format-standard","has-post-thumbnail","hentry","category-actualidad","category-caso-nisman"],"_links":{"self":[{"href":"https:\/\/www.partidogen.org.ar\/web\/wp-json\/wp\/v2\/posts\/1424","targetHints":{"allow":["GET"]}}],"collection":[{"href":"https:\/\/www.partidogen.org.ar\/web\/wp-json\/wp\/v2\/posts"}],"about":[{"href":"https:\/\/www.partidogen.org.ar\/web\/wp-json\/wp\/v2\/types\/post"}],"author":[{"embeddable":true,"href":"https:\/\/www.partidogen.org.ar\/web\/wp-json\/wp\/v2\/users\/2"}],"replies":[{"embeddable":true,"href":"https:\/\/www.partidogen.org.ar\/web\/wp-json\/wp\/v2\/comments?post=1424"}],"version-history":[{"count":0,"href":"https:\/\/www.partidogen.org.ar\/web\/wp-json\/wp\/v2\/posts\/1424\/revisions"}],"wp:featuredmedia":[{"embeddable":true,"href":"https:\/\/www.partidogen.org.ar\/web\/wp-json\/wp\/v2\/media\/1425"}],"wp:attachment":[{"href":"https:\/\/www.partidogen.org.ar\/web\/wp-json\/wp\/v2\/media?parent=1424"}],"wp:term":[{"taxonomy":"category","embeddable":true,"href":"https:\/\/www.partidogen.org.ar\/web\/wp-json\/wp\/v2\/categories?post=1424"},{"taxonomy":"post_tag","embeddable":true,"href":"https:\/\/www.partidogen.org.ar\/web\/wp-json\/wp\/v2\/tags?post=1424"}],"curies":[{"name":"wp","href":"https:\/\/api.w.org\/{rel}","templated":true}]}}