{"id":14208,"date":"2024-10-29T12:29:02","date_gmt":"2024-10-29T15:29:02","guid":{"rendered":"https:\/\/www.partidogen.org.ar\/web\/?p=14208"},"modified":"2024-10-29T12:29:05","modified_gmt":"2024-10-29T15:29:05","slug":"habitemos-la-democracia-episodio-11-sebastian-calderon-pedraza","status":"publish","type":"post","link":"https:\/\/www.partidogen.org.ar\/web\/habitemos-la-democracia-episodio-11-sebastian-calderon-pedraza\/","title":{"rendered":"Habitemos La Democracia \u2013\u00a0Episodio 11 \u2013Sebasti\u00e1n Calder\u00f3n Pedraza"},"content":{"rendered":"\n<p>Abogado e historiador, y con una amplia experiencia en consultor\u00edas internacionales para gobiernos en temas de participaci\u00f3n p\u00fablica, involucramiento ciudadano y procesos de paz, Sebasti\u00e1n nos ayuda a pensar qu\u00e9 desaf\u00edos enfrentan las democracias latinoamericnas.<\/p>\n\n\n\n<figure class=\"wp-block-embed is-type-video is-provider-youtube wp-block-embed-youtube wp-embed-aspect-4-3 wp-has-aspect-ratio\"><div class=\"wp-block-embed__wrapper\">\n<iframe loading=\"lazy\" title=\"Episodio 11 - Sebasti\u00e1n Calder\u00f3n Pedraza\" width=\"1170\" height=\"878\" src=\"https:\/\/www.youtube.com\/embed\/U448dgpc2SM?feature=oembed\" frameborder=\"0\" allow=\"accelerometer; autoplay; clipboard-write; encrypted-media; gyroscope; picture-in-picture; web-share\" referrerpolicy=\"strict-origin-when-cross-origin\" allowfullscreen><\/iframe>\n<\/div><\/figure>\n","protected":false},"excerpt":{"rendered":"<p>Abogado e historiador, y con una amplia experiencia en consultor\u00edas internacionales para gobiernos en temas de participaci\u00f3n p\u00fablica, involucramiento ciudadano y procesos de paz, Sebasti\u00e1n nos ayuda a pensar qu\u00e9 desaf\u00edos enfrentan las democracias latinoamericnas.<\/p>\n","protected":false},"author":2,"featured_media":14209,"comment_status":"closed","ping_status":"closed","sticky":false,"template":"","format":"standard","meta":{"footnotes":""},"categories":[44,498],"tags":[497],"class_list":["post-14208","post","type-post","status-publish","format-standard","has-post-thumbnail","hentry","category-actualidad","category-podcast-habitemos-la-democracia","tag-habitemos-la-democracia"],"_links":{"self":[{"href":"https:\/\/www.partidogen.org.ar\/web\/wp-json\/wp\/v2\/posts\/14208","targetHints":{"allow":["GET"]}}],"collection":[{"href":"https:\/\/www.partidogen.org.ar\/web\/wp-json\/wp\/v2\/posts"}],"about":[{"href":"https:\/\/www.partidogen.org.ar\/web\/wp-json\/wp\/v2\/types\/post"}],"author":[{"embeddable":true,"href":"https:\/\/www.partidogen.org.ar\/web\/wp-json\/wp\/v2\/users\/2"}],"replies":[{"embeddable":true,"href":"https:\/\/www.partidogen.org.ar\/web\/wp-json\/wp\/v2\/comments?post=14208"}],"version-history":[{"count":1,"href":"https:\/\/www.partidogen.org.ar\/web\/wp-json\/wp\/v2\/posts\/14208\/revisions"}],"predecessor-version":[{"id":14210,"href":"https:\/\/www.partidogen.org.ar\/web\/wp-json\/wp\/v2\/posts\/14208\/revisions\/14210"}],"wp:featuredmedia":[{"embeddable":true,"href":"https:\/\/www.partidogen.org.ar\/web\/wp-json\/wp\/v2\/media\/14209"}],"wp:attachment":[{"href":"https:\/\/www.partidogen.org.ar\/web\/wp-json\/wp\/v2\/media?parent=14208"}],"wp:term":[{"taxonomy":"category","embeddable":true,"href":"https:\/\/www.partidogen.org.ar\/web\/wp-json\/wp\/v2\/categories?post=14208"},{"taxonomy":"post_tag","embeddable":true,"href":"https:\/\/www.partidogen.org.ar\/web\/wp-json\/wp\/v2\/tags?post=14208"}],"curies":[{"name":"wp","href":"https:\/\/api.w.org\/{rel}","templated":true}]}}