{"id":14193,"date":"2024-10-09T12:37:35","date_gmt":"2024-10-09T15:37:35","guid":{"rendered":"https:\/\/www.partidogen.org.ar\/web\/?p=14193"},"modified":"2024-10-14T12:44:30","modified_gmt":"2024-10-14T15:44:30","slug":"habitemos-la-democracia-episodio-10-carina-cabo","status":"publish","type":"post","link":"https:\/\/www.partidogen.org.ar\/web\/habitemos-la-democracia-episodio-10-carina-cabo\/","title":{"rendered":"Habitemos La Democracia \u2013\u00a0Episodio 10 \u2013 Carina Cabo"},"content":{"rendered":"\n<p>D\u00e9cimo episodio de Habitemos la Democracia, donde charlamos con Carina Cabo, destacada pedagoga y autora rosarina reconocida por su aporte a la educaci\u00f3n. Adem\u00e1s de su labor como escritora y docente, Carina es una defensora de los derechos de los ni\u00f1os y ni\u00f1as a acceder a una educaci\u00f3n de calidad, abogando por pr\u00e1cticas pedag\u00f3gicas que respeten la diversidad y promuevan el pensamiento cr\u00edtico y creativo.<\/p>\n\n\n\n<figure class=\"wp-block-embed is-type-video is-provider-youtube wp-block-embed-youtube wp-embed-aspect-4-3 wp-has-aspect-ratio\"><div class=\"wp-block-embed__wrapper\">\n<iframe loading=\"lazy\" title=\"Episodio 10 - Carina Cabo\" width=\"1170\" height=\"878\" src=\"https:\/\/www.youtube.com\/embed\/VCMjxYpWZsU?feature=oembed\" frameborder=\"0\" allow=\"accelerometer; autoplay; clipboard-write; encrypted-media; gyroscope; picture-in-picture; web-share\" referrerpolicy=\"strict-origin-when-cross-origin\" allowfullscreen><\/iframe>\n<\/div><\/figure>\n","protected":false},"excerpt":{"rendered":"<p>D\u00e9cimo episodio de Habitemos la Democracia, donde charlamos con Carina Cabo, destacada pedagoga y autora rosarina reconocida por su aporte a la educaci\u00f3n. Adem\u00e1s de su labor como escritora y docente, Carina es una defensora de los derechos de los ni\u00f1os y ni\u00f1as a acceder a una educaci\u00f3n de calidad, abogando por pr\u00e1cticas pedag\u00f3gicas que respeten la diversidad y promuevan el pensamiento cr\u00edtico y creativo.<\/p>\n","protected":false},"author":2,"featured_media":14195,"comment_status":"closed","ping_status":"closed","sticky":false,"template":"","format":"standard","meta":{"footnotes":""},"categories":[44,498],"tags":[497],"class_list":["post-14193","post","type-post","status-publish","format-standard","has-post-thumbnail","hentry","category-actualidad","category-podcast-habitemos-la-democracia","tag-habitemos-la-democracia"],"_links":{"self":[{"href":"https:\/\/www.partidogen.org.ar\/web\/wp-json\/wp\/v2\/posts\/14193","targetHints":{"allow":["GET"]}}],"collection":[{"href":"https:\/\/www.partidogen.org.ar\/web\/wp-json\/wp\/v2\/posts"}],"about":[{"href":"https:\/\/www.partidogen.org.ar\/web\/wp-json\/wp\/v2\/types\/post"}],"author":[{"embeddable":true,"href":"https:\/\/www.partidogen.org.ar\/web\/wp-json\/wp\/v2\/users\/2"}],"replies":[{"embeddable":true,"href":"https:\/\/www.partidogen.org.ar\/web\/wp-json\/wp\/v2\/comments?post=14193"}],"version-history":[{"count":1,"href":"https:\/\/www.partidogen.org.ar\/web\/wp-json\/wp\/v2\/posts\/14193\/revisions"}],"predecessor-version":[{"id":14194,"href":"https:\/\/www.partidogen.org.ar\/web\/wp-json\/wp\/v2\/posts\/14193\/revisions\/14194"}],"wp:featuredmedia":[{"embeddable":true,"href":"https:\/\/www.partidogen.org.ar\/web\/wp-json\/wp\/v2\/media\/14195"}],"wp:attachment":[{"href":"https:\/\/www.partidogen.org.ar\/web\/wp-json\/wp\/v2\/media?parent=14193"}],"wp:term":[{"taxonomy":"category","embeddable":true,"href":"https:\/\/www.partidogen.org.ar\/web\/wp-json\/wp\/v2\/categories?post=14193"},{"taxonomy":"post_tag","embeddable":true,"href":"https:\/\/www.partidogen.org.ar\/web\/wp-json\/wp\/v2\/tags?post=14193"}],"curies":[{"name":"wp","href":"https:\/\/api.w.org\/{rel}","templated":true}]}}