{"id":1415,"date":"2015-02-12T12:00:33","date_gmt":"2015-02-12T12:00:33","guid":{"rendered":"http:\/\/www.partidogen.org.ar\/web\/?p=1415"},"modified":"2015-02-14T11:15:34","modified_gmt":"2015-02-14T11:15:34","slug":"sintesis-de-la-denuncia-del-fiscal-alberto-nisman","status":"publish","type":"post","link":"https:\/\/www.partidogen.org.ar\/web\/sintesis-de-la-denuncia-del-fiscal-alberto-nisman\/","title":{"rendered":"S\u00cdNTESIS DE LA DENUNCIA DEL FISCAL ALBERTO NISMAN"},"content":{"rendered":"<p><img loading=\"lazy\" decoding=\"async\" src=\"http:\/\/www.partidogen.org.ar\/web\/wp-content\/uploads\/2015\/02\/121.jpg\" alt=\"S\u00cdNTESIS DE LA DENUNCIA DEL FISCAL ALBERTO NISMAN\" width=\"1232\" height=\"335\" class=\"alignnone size-full wp-image-1416\" srcset=\"https:\/\/www.partidogen.org.ar\/web\/wp-content\/uploads\/2015\/02\/121.jpg 1232w, https:\/\/www.partidogen.org.ar\/web\/wp-content\/uploads\/2015\/02\/121-300x81.jpg 300w, https:\/\/www.partidogen.org.ar\/web\/wp-content\/uploads\/2015\/02\/121-1024x278.jpg 1024w, https:\/\/www.partidogen.org.ar\/web\/wp-content\/uploads\/2015\/02\/121-100x27.jpg 100w, https:\/\/www.partidogen.org.ar\/web\/wp-content\/uploads\/2015\/02\/121-150x40.jpg 150w, https:\/\/www.partidogen.org.ar\/web\/wp-content\/uploads\/2015\/02\/121-200x54.jpg 200w, https:\/\/www.partidogen.org.ar\/web\/wp-content\/uploads\/2015\/02\/121-450x122.jpg 450w, https:\/\/www.partidogen.org.ar\/web\/wp-content\/uploads\/2015\/02\/121-600x163.jpg 600w, https:\/\/www.partidogen.org.ar\/web\/wp-content\/uploads\/2015\/02\/121-900x244.jpg 900w\" sizes=\"auto, (max-width: 1232px) 100vw, 1232px\" \/><br \/>\n<strong><span class=\"first\">P<\/span>or Nicol\u00e1s J.B. Caputo<\/strong><\/p>\n<p><strong>Nota:<\/strong> La denuncia est\u00e1 organizada tem\u00e1ticamente. Eso explica que algunas citas de las escuchas telef\u00f3nicas sean utilizadas en varias ocasiones.<\/p>\n<p><a href=\"http:\/\/margaritastolbizer.com.ar\/wp-content\/uploads\/2015\/02\/S\u00edntesis-de-la-denuncia-del-fiscal-Alberto-Nisman.pdf\" target=\"_blank\">S\u00edntesis de la denuncia del fiscal Alberto Nisman (pdf)<\/a><\/p>\n","protected":false},"excerpt":{"rendered":"<p>Por Nicol\u00e1s J.B. Caputo Nota: La denuncia est\u00e1 organizada tem\u00e1ticamente. Eso explica que algunas citas de las escuchas telef\u00f3nicas sean utilizadas en varias ocasiones. S\u00edntesis de la denuncia del fiscal Alberto Nisman (pdf)<\/p>\n","protected":false},"author":2,"featured_media":1416,"comment_status":"closed","ping_status":"closed","sticky":false,"template":"","format":"standard","meta":{"footnotes":""},"categories":[44,91],"tags":[],"class_list":["post-1415","post","type-post","status-publish","format-standard","has-post-thumbnail","hentry","category-actualidad","category-caso-nisman"],"_links":{"self":[{"href":"https:\/\/www.partidogen.org.ar\/web\/wp-json\/wp\/v2\/posts\/1415","targetHints":{"allow":["GET"]}}],"collection":[{"href":"https:\/\/www.partidogen.org.ar\/web\/wp-json\/wp\/v2\/posts"}],"about":[{"href":"https:\/\/www.partidogen.org.ar\/web\/wp-json\/wp\/v2\/types\/post"}],"author":[{"embeddable":true,"href":"https:\/\/www.partidogen.org.ar\/web\/wp-json\/wp\/v2\/users\/2"}],"replies":[{"embeddable":true,"href":"https:\/\/www.partidogen.org.ar\/web\/wp-json\/wp\/v2\/comments?post=1415"}],"version-history":[{"count":0,"href":"https:\/\/www.partidogen.org.ar\/web\/wp-json\/wp\/v2\/posts\/1415\/revisions"}],"wp:featuredmedia":[{"embeddable":true,"href":"https:\/\/www.partidogen.org.ar\/web\/wp-json\/wp\/v2\/media\/1416"}],"wp:attachment":[{"href":"https:\/\/www.partidogen.org.ar\/web\/wp-json\/wp\/v2\/media?parent=1415"}],"wp:term":[{"taxonomy":"category","embeddable":true,"href":"https:\/\/www.partidogen.org.ar\/web\/wp-json\/wp\/v2\/categories?post=1415"},{"taxonomy":"post_tag","embeddable":true,"href":"https:\/\/www.partidogen.org.ar\/web\/wp-json\/wp\/v2\/tags?post=1415"}],"curies":[{"name":"wp","href":"https:\/\/api.w.org\/{rel}","templated":true}]}}