{"id":14121,"date":"2024-09-27T14:06:08","date_gmt":"2024-09-27T17:06:08","guid":{"rendered":"https:\/\/www.partidogen.org.ar\/web\/?p=14121"},"modified":"2024-09-27T14:10:30","modified_gmt":"2024-09-27T17:10:30","slug":"encuentro-sobre-inteligencia-artificial-agenda-parlamentaria-y-transparencia-en-diputados","status":"publish","type":"post","link":"https:\/\/www.partidogen.org.ar\/web\/encuentro-sobre-inteligencia-artificial-agenda-parlamentaria-y-transparencia-en-diputados\/","title":{"rendered":"ENCUENTRO SOBRE INTELIGENCIA ARTIFICIAL, AGENDA PARLAMENTARIA Y TRANSPARENCIA EN DIPUTADOS"},"content":{"rendered":"\n<p><strong><em>El evento estuvo organizado conjuntamente por el Instituto Nacional Dem\u00f3crata (NDI), el ParlAmericas y la Oficina de Transparencia y Acceso a la Informaci\u00f3n P\u00fablica y la direcci\u00f3n de Diplomacia Parlamentaria y Cooperaci\u00f3n Internacional de la C\u00e1mara de Diputados de la Naci\u00f3n<\/em><\/strong><\/p>\n\n\n\n<p>El encuentro, que tuvo lugar en el Sal\u00f3n Delia Parodi de la C\u00e1mara de Diputados de la Naci\u00f3n, se dio en el marco del D\u00eda Universal del Acceso a la Informaci\u00f3n, declarado por la UNESCO, y en cumplimiento del compromiso 3 \u201cInnovaci\u00f3n y Herramientas Tecnol\u00f3gicas para la promoci\u00f3n de la trasparencia y participaci\u00f3n ciudadana\u201d. &nbsp;<\/p>\n\n\n\n<p>La apertura del evento estuvo a cargo de Adri\u00e1n Pag\u00e1n, secretario Parlamentario de la HCDN, Francisco Herrero, Asociado Global del Instituto Nacional Dem\u00f3crata (NDI), la diputada nacional Margarita Stolbizer (Encuentro Federal) y representante ParlAmericas, y Luis Rojas, prosecretario de la C\u00e1mara de Diputadas y Diputados de Chile, y coordinador general de la Red de Funcionarias y Funcionarios de Parlamento Abierto de ParlAmericas.<\/p>\n\n\n\n<p>Al darles la bienvenida, Adri\u00e1n Pag\u00e1n, secretario Parlamentario de la C\u00e1mara de Diputados, explic\u00f3 que \u201cse suele confundir la tecnificaci\u00f3n de los procesos con lo que es la Inteligencia Artificial\u201d, y en ese mismo sentido, especific\u00f3 que \u201cen el \u00e1mbito parlamentario, nuestra actividad se rige mucho por el precedente y la oralidad, a veces estos cambios, que van muy r\u00e1pido, implican tambi\u00e9n desaf\u00edos\u201d.<\/p>\n\n\n\n<p>Al respecto, Pag\u00e1n detall\u00f3 que apuntan a \u201cdigitalizar desde la entrada del proyecto hasta la sanci\u00f3n\u201d. \u201cEs real entender que para determinados procesos la IA va m\u00e1s r\u00e1pido que lo que lo parlamentario requiere\u201d, aclaro. En otro orden, el Secretario Parlamentario destac\u00f3 la transparencia en todos los procesos parlamentarios al remarcar que \u201ctoda la informaci\u00f3n est\u00e1 visible, se pueden ver las comisiones y sesiones en tiempo real\u201d.<\/p>\n\n\n\n<p>Del Instituto Nacional Dem\u00f3crata (NDI), Francisco Herrero, Asociado Global, manifest\u00f3 de qu\u00e9 manera se puede integrar la Inteligencia Artificial al Parlamento. \u201cPrimero pensar lo procedimental y luego lo misional: legislar sobre la IA, sus desaf\u00edos y sus retos que plantear\u00eda al pa\u00eds\u201d. Asimismo, a\u00f1adi\u00f3: \u201cHabr\u00eda que diferenciar los dos caminos, el que tiene que ver con la labor de los parlamentarios sobre el uso de esa herramienta y, por otro lado, c\u00f3mo aplicamos herramientas que usen IA para lo procedimental\u201d.<\/p>\n\n\n\n<p>\u201cSi no tenemos datos precisos y no estructuramos nuestro funcionamiento con datos no vamos a tener con que alimentar a esa IA y culturalmente lo que hacemos es que nuestra l\u00f3gica de funcionamiento es para crear y pulir data. Es fundamental darnos permiso para la experimentaci\u00f3n, de forma controlada y limitada, que nos permita esa posibilidad de ensayo y error y desde luego evalu\u00e1ndola\u201d, se\u00f1al\u00f3.<\/p>\n\n\n\n<p>La diputada nacional de Encuentro Federal, Margarita Stolbizer, afirm\u00f3 que \u201cel papel m\u00e1s importante que venimos a cumplir en esta C\u00e1mara es representar y volcar en la acci\u00f3n legislativa las demandas que la ciudadan\u00eda pone en nosotros\u201d. &nbsp;En esa l\u00ednea, sostuvo que \u201cno hay dudas que el segundo papel que tenemos en importancia es crear el marco normativo para que la IA pueda ser aprovechada\u201d, con el fin de \u201ctrabajar en la prevenci\u00f3n y mitigaci\u00f3n de los riesgos que esto implica\u201d.<\/p>\n\n\n\n<p>El primer panel del evento estuvo centrado en los avances y retos de la Honorable C\u00e1mara de Diputados de la Naci\u00f3n Argentina en relaci\u00f3n al uso y aplicaci\u00f3n de la Inteligencia Artificial, donde se abordar\u00e1n proyectos de ley sobre la tem\u00e1tica presentados en la comisi\u00f3n de Ciencia, Tecnolog\u00eda e Innovaci\u00f3n Productiva. Ah\u00ed, participaron los diputados nacionales Daniel Goll\u00e1n, de Uni\u00f3n por la Patria, Silvana Giudice, del PRO, y Juan Fernando Br\u00fcgge, de Encuentro Federal.<br><br>Daniel Goll\u00e1n, titular de la Comisi\u00f3n de Ciencia, Tecnolog\u00eda e Innovaci\u00f3n Productiva de la HCDN, se refiri\u00f3 al tratamiento de los proyectos relacionados a la regulaci\u00f3n de la Inteligencia Artificial que se viene llevando a cabo en la comisi\u00f3n que el preside. \u201cTenemos la responsabilidad de hacer el debate con mucha evidencia cient\u00edfica, con mucha participaci\u00f3n de los actores\u201d, remarc\u00f3.<\/p>\n\n\n\n<p>Y, agreg\u00f3: \u201cLos proyectos quieren estimular y proteger el desarrollo de la IA; adem\u00e1s tenemos recursos humanos, talento, y otras ventajas geogr\u00e1ficas en mucha proporci\u00f3n\u201d. \u201cEn la mayor\u00eda de las iniciativas est\u00e1 considerado el tema de la \u00e9tica, transparencia, custodia de los derechos colectivos e individuales y de nuestros datos\u201d, puntualiz\u00f3.<\/p>\n\n\n\n<p>La diputada del PRO, Silvana Giudici, recalc\u00f3 que \u201cla Inteligencia Artificial le hizo un enorme favor a la ciencia en este momento\u201d al asegurar que \u201cestamos en plena etapa de transici\u00f3n, lo podremos medir en muy pocos a\u00f1os porque el salto tecnol\u00f3gico hasta ahora viene aceler\u00e1ndose y los cambios son cada vez en menos tiempo\u201d. Con respecto a los proyectos, la legisladora inform\u00f3 que \u201ctratar\u00eda de hacer una regulaci\u00f3n s\u00faper minimalista, que determine que la Argentina es un lugar amigable para la innovaci\u00f3n y el desarrollo en materia de IA\u201d.<\/p>\n\n\n\n<p>A su turno, Juan Fernando Br\u00fcgge, de Encuentro Federal y autor del proyecto de ley \u00a8R\u00e9gimen Jur\u00eddico Aplicable al Uso Responsable de la Inteligencia Artificial en la Rep\u00fablica Argentina, quien hizo hincapi\u00e9 en \u201cavanzar en la transparencia para cuando nosotros estemos en el entorno virtual sepamos si estamos bajo un contenido hecho por IA\u201d. \u201cNuestro sistema hoy no est\u00e1 preparado para internet, menos para la IA que es una tecnolog\u00eda que potencia algunos problemas porque nos introduce en el big data, donde nosotros somos un n\u00famero, en el que estamos expuestos\u201d, subray\u00f3.<\/p>\n\n\n\n<p>En la continuidad del encuentro, el segundo panel multisectorial estuvo orientado a las lecciones en la aplicaci\u00f3n de Inteligencia Artificial en parlamentos, donde se explorar\u00e1 lecciones internacionales sobre la implementaci\u00f3n de la IA en la labor parlamentaria. Expuso Luis Rojas, prosecretario de la C\u00e1mara de Diputadas y Diputados de Chile, y coordinador general de la Red de Funcionarias y Funcionarios de Parlamento Abierto de ParlAmericas.<\/p>\n\n\n\n<p>Representando al parlamento de Chile, Luis Rojas manifest\u00f3 que \u201cla digitalizaci\u00f3n de procesos y las tecnolog\u00edas avanzadas mejoran la accesibilidad de la informaci\u00f3n, proporcionando informaci\u00f3n valiosa para la decisi\u00f3n informada y, adem\u00e1s, brindan informaci\u00f3n en tiempo real\u201d. \u201cNo es lo mismo la digitalizaci\u00f3n que la IA, pero claramente est\u00e1n s\u00faper vinculados, los datos que entreguemos nos dar\u00e1n respuesta por eso la \u00e9tica es fundamental\u201d, sintetiz\u00f3 e inst\u00f3 a \u201cgarantizar que se brinde informaci\u00f3n detr\u00e1s de lo que arrojen los algoritmos y que los usuarios puedan decidir cu\u00e1ndo interact\u00faan con IA.<\/p>\n\n\n\n<p>Por \u00faltimo, las reflexiones finales y el detalle de los pr\u00f3ximos pasos los brind\u00f3 la diputada nacional de La Libertad Avanza Lilia Lemoine, secretaria de la comisi\u00f3n de Ciencia, Tecnolog\u00eda e Innovaci\u00f3n Productiva de la HCDN. \u201cNo hay nada que integre m\u00e1s a las personas como el acceso a la tecnolog\u00eda\u201d, enfatiz\u00f3 para luego coincidir en que \u201ces fundamental una ley de protecci\u00f3n de datos personales fortalecida\u201d. \u201cLa IA como herramienta y no como algo que reemplaza al humano, siempre al servicio de la humanidad\u201d, enfatiz\u00f3.<\/p>\n\n\n\n<p>\u201cTenemos que legislar para que la industria pueda crecer, que las empresas se queden e inviertan, seamos un polo abierto al mundo y que nadie se vaya de ac\u00e1\u201d, resalt\u00f3. Por \u00faltimo, Lemoine acentu\u00f3 que \u201cno hay que hablar de la IA, sino de IA aplicada a cada proceso tecnol\u00f3gico; tenemos que proteger el desarrollo para que se genere sin ning\u00fan tipo de obstrucci\u00f3n, pero regular la utilizaci\u00f3n para que no sea en perjuicio de una persona o un tipo de personas\u201d, cerr\u00f3.<\/p>\n\n\n\n<p>En representaci\u00f3n de la C\u00e1mara de Diputados de la Naci\u00f3n, participaron del encuentro el diputado nacional Mart\u00edn Ardohain, del PRO; Laura Oriolo, secretar\u00eda Administrativa; Ana Laura Lozano, prosecretaria Parlamentaria; Gonzalo Villach, titular de la Direcci\u00f3n General T\u00e9cnico y Legal; y Lorena Franco, responsable de la Oficina de Transparencia y Acceso a la Informaci\u00f3n P\u00fablica.<\/p>\n\n\n\n<p>Tambi\u00e9n, formaron parte Ignacio Nardin, subdirector de la Direcci\u00f3n General de Relaciones Institucionales del Senado de la Naci\u00f3n; Cecilia Calder\u00f3n Requena Tanmy, de la Legislatura CABA; Daniel Gim\u00e9nez, director de Inform\u00e1tica Legislatura de Jujuy; Leonardo Blanco Bruni, de Directorio Legislativo; Mat\u00edas D\u00b4Onofrio, presidente de la Comisi\u00f3n Ciencia y Tecnolog\u00eda APL; Natan Iorcansky, de ParlAmericas; y Andrea Fern\u00e1ndez, Renato Contreras y Diego Torres, del Instituto Nacional Dem\u00f3crata (NDI). Presenciaron el encuentro estudiantes de la Universidad Abierta Interamericana (UAI).<\/p>\n\n\n\n<figure class=\"wp-block-gallery has-nested-images columns-default is-cropped wp-block-gallery-1 is-layout-flex wp-block-gallery-is-layout-flex\">\n<figure class=\"wp-block-image size-large\"><img loading=\"lazy\" decoding=\"async\" width=\"640\" height=\"428\" data-id=\"14123\" src=\"https:\/\/www.partidogen.org.ar\/web\/wp-content\/uploads\/2024\/09\/DSC0011.jpg\" alt=\"\" class=\"wp-image-14123\" srcset=\"https:\/\/www.partidogen.org.ar\/web\/wp-content\/uploads\/2024\/09\/DSC0011.jpg 640w, https:\/\/www.partidogen.org.ar\/web\/wp-content\/uploads\/2024\/09\/DSC0011-300x201.jpg 300w\" sizes=\"auto, (max-width: 640px) 100vw, 640px\" \/><\/figure>\n\n\n\n<figure class=\"wp-block-image size-large\"><img loading=\"lazy\" decoding=\"async\" width=\"640\" height=\"428\" data-id=\"14122\" src=\"https:\/\/www.partidogen.org.ar\/web\/wp-content\/uploads\/2024\/09\/DSC0014.jpg\" alt=\"\" class=\"wp-image-14122\" srcset=\"https:\/\/www.partidogen.org.ar\/web\/wp-content\/uploads\/2024\/09\/DSC0014.jpg 640w, https:\/\/www.partidogen.org.ar\/web\/wp-content\/uploads\/2024\/09\/DSC0014-300x201.jpg 300w\" sizes=\"auto, (max-width: 640px) 100vw, 640px\" \/><\/figure>\n\n\n\n<figure class=\"wp-block-image size-large\"><img loading=\"lazy\" decoding=\"async\" width=\"640\" height=\"428\" data-id=\"14131\" src=\"https:\/\/www.partidogen.org.ar\/web\/wp-content\/uploads\/2024\/09\/DSC0052.jpg\" alt=\"\" class=\"wp-image-14131\" srcset=\"https:\/\/www.partidogen.org.ar\/web\/wp-content\/uploads\/2024\/09\/DSC0052.jpg 640w, https:\/\/www.partidogen.org.ar\/web\/wp-content\/uploads\/2024\/09\/DSC0052-300x201.jpg 300w\" sizes=\"auto, (max-width: 640px) 100vw, 640px\" \/><\/figure>\n\n\n\n<figure class=\"wp-block-image size-large\"><img loading=\"lazy\" decoding=\"async\" width=\"640\" height=\"428\" data-id=\"14134\" src=\"https:\/\/www.partidogen.org.ar\/web\/wp-content\/uploads\/2024\/09\/DSC0090.jpg\" alt=\"\" class=\"wp-image-14134\" srcset=\"https:\/\/www.partidogen.org.ar\/web\/wp-content\/uploads\/2024\/09\/DSC0090.jpg 640w, https:\/\/www.partidogen.org.ar\/web\/wp-content\/uploads\/2024\/09\/DSC0090-300x201.jpg 300w\" sizes=\"auto, (max-width: 640px) 100vw, 640px\" \/><\/figure>\n\n\n\n<figure class=\"wp-block-image size-large\"><img loading=\"lazy\" decoding=\"async\" width=\"640\" height=\"428\" data-id=\"14132\" src=\"https:\/\/www.partidogen.org.ar\/web\/wp-content\/uploads\/2024\/09\/DSC0177.jpg\" alt=\"\" class=\"wp-image-14132\" srcset=\"https:\/\/www.partidogen.org.ar\/web\/wp-content\/uploads\/2024\/09\/DSC0177.jpg 640w, https:\/\/www.partidogen.org.ar\/web\/wp-content\/uploads\/2024\/09\/DSC0177-300x201.jpg 300w\" sizes=\"auto, (max-width: 640px) 100vw, 640px\" \/><\/figure>\n\n\n\n<figure class=\"wp-block-image size-large\"><img loading=\"lazy\" decoding=\"async\" width=\"640\" height=\"428\" data-id=\"14126\" src=\"https:\/\/www.partidogen.org.ar\/web\/wp-content\/uploads\/2024\/09\/DSC0206.jpg\" alt=\"\" class=\"wp-image-14126\" srcset=\"https:\/\/www.partidogen.org.ar\/web\/wp-content\/uploads\/2024\/09\/DSC0206.jpg 640w, https:\/\/www.partidogen.org.ar\/web\/wp-content\/uploads\/2024\/09\/DSC0206-300x201.jpg 300w\" sizes=\"auto, (max-width: 640px) 100vw, 640px\" \/><\/figure>\n\n\n\n<figure class=\"wp-block-image size-large\"><img loading=\"lazy\" decoding=\"async\" width=\"640\" height=\"428\" data-id=\"14125\" src=\"https:\/\/www.partidogen.org.ar\/web\/wp-content\/uploads\/2024\/09\/DSC0212.jpg\" alt=\"\" class=\"wp-image-14125\" srcset=\"https:\/\/www.partidogen.org.ar\/web\/wp-content\/uploads\/2024\/09\/DSC0212.jpg 640w, https:\/\/www.partidogen.org.ar\/web\/wp-content\/uploads\/2024\/09\/DSC0212-300x201.jpg 300w\" sizes=\"auto, (max-width: 640px) 100vw, 640px\" \/><\/figure>\n\n\n\n<figure class=\"wp-block-image size-large\"><img loading=\"lazy\" decoding=\"async\" width=\"640\" height=\"428\" data-id=\"14133\" src=\"https:\/\/www.partidogen.org.ar\/web\/wp-content\/uploads\/2024\/09\/DSC0217.jpg\" alt=\"\" class=\"wp-image-14133\" srcset=\"https:\/\/www.partidogen.org.ar\/web\/wp-content\/uploads\/2024\/09\/DSC0217.jpg 640w, https:\/\/www.partidogen.org.ar\/web\/wp-content\/uploads\/2024\/09\/DSC0217-300x201.jpg 300w\" sizes=\"auto, (max-width: 640px) 100vw, 640px\" \/><\/figure>\n\n\n\n<figure class=\"wp-block-image size-large\"><img loading=\"lazy\" decoding=\"async\" width=\"640\" height=\"428\" data-id=\"14128\" src=\"https:\/\/www.partidogen.org.ar\/web\/wp-content\/uploads\/2024\/09\/DSC0246.jpg\" alt=\"\" class=\"wp-image-14128\" srcset=\"https:\/\/www.partidogen.org.ar\/web\/wp-content\/uploads\/2024\/09\/DSC0246.jpg 640w, https:\/\/www.partidogen.org.ar\/web\/wp-content\/uploads\/2024\/09\/DSC0246-300x201.jpg 300w\" sizes=\"auto, (max-width: 640px) 100vw, 640px\" \/><\/figure>\n\n\n\n<figure class=\"wp-block-image size-large\"><img loading=\"lazy\" decoding=\"async\" width=\"640\" height=\"428\" data-id=\"14135\" src=\"https:\/\/www.partidogen.org.ar\/web\/wp-content\/uploads\/2024\/09\/DSC0258.jpg\" alt=\"\" class=\"wp-image-14135\" srcset=\"https:\/\/www.partidogen.org.ar\/web\/wp-content\/uploads\/2024\/09\/DSC0258.jpg 640w, https:\/\/www.partidogen.org.ar\/web\/wp-content\/uploads\/2024\/09\/DSC0258-300x201.jpg 300w\" sizes=\"auto, (max-width: 640px) 100vw, 640px\" \/><\/figure>\n\n\n\n<figure class=\"wp-block-image size-large\"><img loading=\"lazy\" decoding=\"async\" width=\"640\" height=\"428\" data-id=\"14130\" src=\"https:\/\/www.partidogen.org.ar\/web\/wp-content\/uploads\/2024\/09\/DSC0836-2.jpg\" alt=\"\" class=\"wp-image-14130\" srcset=\"https:\/\/www.partidogen.org.ar\/web\/wp-content\/uploads\/2024\/09\/DSC0836-2.jpg 640w, https:\/\/www.partidogen.org.ar\/web\/wp-content\/uploads\/2024\/09\/DSC0836-2-300x201.jpg 300w\" sizes=\"auto, (max-width: 640px) 100vw, 640px\" \/><\/figure>\n\n\n\n<figure class=\"wp-block-image size-large\"><img loading=\"lazy\" decoding=\"async\" width=\"640\" height=\"428\" data-id=\"14129\" src=\"https:\/\/www.partidogen.org.ar\/web\/wp-content\/uploads\/2024\/09\/DSC9949.jpg\" alt=\"\" class=\"wp-image-14129\" srcset=\"https:\/\/www.partidogen.org.ar\/web\/wp-content\/uploads\/2024\/09\/DSC9949.jpg 640w, https:\/\/www.partidogen.org.ar\/web\/wp-content\/uploads\/2024\/09\/DSC9949-300x201.jpg 300w\" sizes=\"auto, (max-width: 640px) 100vw, 640px\" \/><\/figure>\n\n\n\n<figure class=\"wp-block-image size-large\"><img loading=\"lazy\" decoding=\"async\" width=\"640\" height=\"428\" data-id=\"14127\" src=\"https:\/\/www.partidogen.org.ar\/web\/wp-content\/uploads\/2024\/09\/DSC9956.jpg\" alt=\"\" class=\"wp-image-14127\" srcset=\"https:\/\/www.partidogen.org.ar\/web\/wp-content\/uploads\/2024\/09\/DSC9956.jpg 640w, https:\/\/www.partidogen.org.ar\/web\/wp-content\/uploads\/2024\/09\/DSC9956-300x201.jpg 300w\" sizes=\"auto, (max-width: 640px) 100vw, 640px\" \/><\/figure>\n<\/figure>\n","protected":false},"excerpt":{"rendered":"<p>El evento estuvo organizado conjuntamente por el Instituto Nacional Dem\u00f3crata (NDI), el ParlAmericas y la Oficina de Transparencia y Acceso a la Informaci\u00f3n P\u00fablica y la direcci\u00f3n de Diplomacia Parlamentaria y Cooperaci\u00f3n Internacional de la C\u00e1mara de Diputados de la Naci\u00f3n<\/p>\n","protected":false},"author":2,"featured_media":14133,"comment_status":"closed","ping_status":"closed","sticky":false,"template":"","format":"standard","meta":{"footnotes":""},"categories":[44],"tags":[494],"class_list":["post-14121","post","type-post","status-publish","format-standard","has-post-thumbnail","hentry","category-actualidad","tag-tecnologia"],"_links":{"self":[{"href":"https:\/\/www.partidogen.org.ar\/web\/wp-json\/wp\/v2\/posts\/14121","targetHints":{"allow":["GET"]}}],"collection":[{"href":"https:\/\/www.partidogen.org.ar\/web\/wp-json\/wp\/v2\/posts"}],"about":[{"href":"https:\/\/www.partidogen.org.ar\/web\/wp-json\/wp\/v2\/types\/post"}],"author":[{"embeddable":true,"href":"https:\/\/www.partidogen.org.ar\/web\/wp-json\/wp\/v2\/users\/2"}],"replies":[{"embeddable":true,"href":"https:\/\/www.partidogen.org.ar\/web\/wp-json\/wp\/v2\/comments?post=14121"}],"version-history":[{"count":2,"href":"https:\/\/www.partidogen.org.ar\/web\/wp-json\/wp\/v2\/posts\/14121\/revisions"}],"predecessor-version":[{"id":14138,"href":"https:\/\/www.partidogen.org.ar\/web\/wp-json\/wp\/v2\/posts\/14121\/revisions\/14138"}],"wp:featuredmedia":[{"embeddable":true,"href":"https:\/\/www.partidogen.org.ar\/web\/wp-json\/wp\/v2\/media\/14133"}],"wp:attachment":[{"href":"https:\/\/www.partidogen.org.ar\/web\/wp-json\/wp\/v2\/media?parent=14121"}],"wp:term":[{"taxonomy":"category","embeddable":true,"href":"https:\/\/www.partidogen.org.ar\/web\/wp-json\/wp\/v2\/categories?post=14121"},{"taxonomy":"post_tag","embeddable":true,"href":"https:\/\/www.partidogen.org.ar\/web\/wp-json\/wp\/v2\/tags?post=14121"}],"curies":[{"name":"wp","href":"https:\/\/api.w.org\/{rel}","templated":true}]}}