{"id":13634,"date":"2023-11-12T19:21:45","date_gmt":"2023-11-12T22:21:45","guid":{"rendered":"https:\/\/www.partidogen.org.ar\/web\/?p=13634"},"modified":"2023-11-12T19:21:48","modified_gmt":"2023-11-12T22:21:48","slug":"2005-12-de-noviembre-2023","status":"publish","type":"post","link":"https:\/\/www.partidogen.org.ar\/web\/2005-12-de-noviembre-2023\/","title":{"rendered":"<strong>2005 &#8211; 12 de Noviembre \u2013 2023<\/strong>"},"content":{"rendered":"\n<p>Una vez m\u00e1s recordamos y celebramos este nuevo aniversario del nacimiento del Partido GEN, acontecimiento que desde Azul nos ha marcado en todos estos a\u00f1os, con victorias y derrotas, con \u00e9xitos y tant\u00edsimos fracasos o frustraciones.<\/p>\n\n\n\n<p>Llegamos en mayor\u00eda de edad a este momento tan especial, tan tremendo, con una Argentina cargada de incertidumbres, no solo respecto de qui\u00e9n puede ganar la elecci\u00f3n el pr\u00f3ximo domingo, sino qu\u00e9 pa\u00eds vamos a tener a partir de diciembre.<\/p>\n\n\n\n<p>Claramente, son dos proyectos de pa\u00eds bien diferentes. Y nosotros estamos fuera de esa definici\u00f3n, no somos parte de ninguno de esos proyectos y nos hemos diferenciado de ellos durante todo este tiempo.<\/p>\n\n\n\n<p>Nuestras discrepancias con el gobierno y con el candidato que lo representa son m\u00faltiples. Centralmente porque los hacemos responsables del desastre de la econom\u00eda y las consecuencias sociales que apenas se describen en los alt\u00edsimos porcentajes de pobreza, especialmente marcada en los m\u00e1s peque\u00f1os y los adultos mayores, los que aparecen indefensos frente a las pol\u00edticas que no satisfacen necesidades b\u00e1sicas y que solo vienen apostando, desde hace mucho tiempo, a pol\u00edticas sociales que solo sirven para mantener el esquema de dominaci\u00f3n pol\u00edtica y la perversi\u00f3n de mantener a todos dentro de esa misma condici\u00f3n, afectando la dignidad de manera brutal.<\/p>\n\n\n\n<p>La degradaci\u00f3n institucional que vive nuestro pa\u00eds y que se acrecienta en cada nuevo per\u00edodo de gobierno, tampoco encuentra ninguna chance de ser revertida en caso de volver a ganar aquellos que ya se encuentran en el poder.<\/p>\n\n\n\n<p>Como contracara, desafiante de todo el sistema pol\u00edtico, aparece una figura que amenaza romper todos los consensos b\u00e1sicos de nuestros 40 a\u00f1os de Democracia y retrotraer la gran conquista de la progresividad de los derechos humanos, con severos riesgos para pensar en un camino de desarrollo que siempre debe partir de la consideraci\u00f3n de la persona y de la comunidad, sus derechos, sus libertades y el valor de lo colectivo.<\/p>\n\n\n\n<p>Ninguna de esas opciones nos representa. Hemos luchado mucho para romper con la polarizaci\u00f3n y la grieta y hoy nos encontramos con que en ese objetivo se termina colando un personaje antisistema pero lo que se plantea es una nueva confrontaci\u00f3n que impide ver hacia adelante un marco de di\u00e1logo y respeto entre las fuerzas pol\u00edticas. Eso amenaza igualmente cualquier proyecto de unidad basado en la diversidad y la convivencia social.<\/p>\n\n\n\n<p>Tenemos mucho an\u00e1lisis por delante luego de la elecci\u00f3n. El Partido GEN debe volcar todos los esfuerzos a futuro a recomponer nuestro espacio con identidad propia, sin fisuras ni concesiones, dentro del contexto pol\u00edtico de la Argentina.<\/p>\n\n\n\n<p>Un partido con ideas, con valores y sobre todo, con militantes que siguen sosteniendo banderas y luchando en cada lugar para ofrecer mejores alternativas, debe imponerse como objetivo estrat\u00e9gico un desarrollo territorial y de liderazgos para posicionarnos de mejor manera en los pr\u00f3ximos a\u00f1os.<\/p>\n\n\n\n<p>Somos frentistas pero no debemos ir detr\u00e1s de cualquier coalici\u00f3n por la simple necesidad o urgencia de alcanzar un espacio. Debemos impulsar una reformulaci\u00f3n del progresismo, hoy m\u00e1s que nunca. Una alternativa socialdem\u00f3crata, que luche por la igualdad y siga transitando el camino de la decencia como pr\u00e1ctica pol\u00edtica, es imprescindible dentro de un sistema pol\u00edtico que se ha degradado en las ideas y en las formas.<\/p>\n\n\n\n<p>El Partido GEN es de una existencia necesaria, para expresar lo que otros no dicen y representar lo que muchos han abandonado.<\/p>\n\n\n\n<p>Nuestras creencias, nuestra pasi\u00f3n, nuestros valores, siguen inalterables a 18 a\u00f1os de haber visto la luz. Claro que debemos adaptarlos a las urgencias del presente, a las nuevas formas de comunicaci\u00f3n, a la tecnolog\u00eda y la innovaci\u00f3n.<\/p>\n\n\n\n<p>Nos compromete nuestro pasado pero en especial el futuro que siempre hemos so\u00f1ado para la Argentina.<\/p>\n\n\n\n<p>El GEN ha vuelto a tener un Intendente en el distrito 25 de Mayo de la Provincia de Buenos Aires. Es un orgullo para nosotros como partido y es un ejemplo y una ense\u00f1anza. Ramiro Eg\u00fben se prepar\u00f3 para llegar a este lugar. Tiene el primer m\u00e9rito de la humildad en su b\u00fasqueda de formaci\u00f3n, capacitaci\u00f3n, con objetivos claros, para llegar a ser un excelente concejal y poner el gobierno municipal en la mira a la que se llega con una excelente gesti\u00f3n en el rol de oposici\u00f3n, implacable con lo que no est\u00e1 bien y tan preciso en la proposici\u00f3n de lo que debe hacerse.<\/p>\n\n\n\n<p>Felicitaciones a Ramiro y a trabajar en conjunto para volver a ganar espacios sin esperar que nadie nos incluya en sus listas sino mostrando las capacidades propias que sin duda tenemos para honrar en el ejercicio el sentido mismo de&nbsp; la representaci\u00f3n popular.<\/p>\n\n\n\n<p>Feliz cumple 18 Partido GEN y todos sus integrantes.<\/p>\n\n\n\n<p>El s\u00e1bado 2 de diciembre en la facultad de Econ\u00f3micas de la Ciudad de Buenos Aires, tendremos el Congreso Partidario y un encuentro de militantes de todo el pa\u00eds, para volver a debatir, a fijar posiciones y sobre todo para reencontrarnos en la estrategia de un grupo humano s\u00f3lido que sigue trabajando por una Argentina mejor y m\u00e1s justa.<\/p>\n\n\n\n<p>Nos vemos y los abrazo.<\/p>\n\n\n\n<p><strong><em>Marga<\/em><\/strong><\/p>\n","protected":false},"excerpt":{"rendered":"<p>Una vez m\u00e1s recordamos y celebramos este nuevo aniversario del nacimiento del Partido GEN, acontecimiento que desde Azul nos ha marcado en todos estos a\u00f1os, con victorias y derrotas, con \u00e9xitos y tant\u00edsimos fracasos o frustraciones.<\/p>\n","protected":false},"author":2,"featured_media":9897,"comment_status":"closed","ping_status":"closed","sticky":false,"template":"","format":"standard","meta":{"footnotes":""},"categories":[44],"tags":[467],"class_list":["post-13634","post","type-post","status-publish","format-standard","has-post-thumbnail","hentry","category-actualidad","tag-aniversario-gen"],"_links":{"self":[{"href":"https:\/\/www.partidogen.org.ar\/web\/wp-json\/wp\/v2\/posts\/13634","targetHints":{"allow":["GET"]}}],"collection":[{"href":"https:\/\/www.partidogen.org.ar\/web\/wp-json\/wp\/v2\/posts"}],"about":[{"href":"https:\/\/www.partidogen.org.ar\/web\/wp-json\/wp\/v2\/types\/post"}],"author":[{"embeddable":true,"href":"https:\/\/www.partidogen.org.ar\/web\/wp-json\/wp\/v2\/users\/2"}],"replies":[{"embeddable":true,"href":"https:\/\/www.partidogen.org.ar\/web\/wp-json\/wp\/v2\/comments?post=13634"}],"version-history":[{"count":1,"href":"https:\/\/www.partidogen.org.ar\/web\/wp-json\/wp\/v2\/posts\/13634\/revisions"}],"predecessor-version":[{"id":13635,"href":"https:\/\/www.partidogen.org.ar\/web\/wp-json\/wp\/v2\/posts\/13634\/revisions\/13635"}],"wp:featuredmedia":[{"embeddable":true,"href":"https:\/\/www.partidogen.org.ar\/web\/wp-json\/wp\/v2\/media\/9897"}],"wp:attachment":[{"href":"https:\/\/www.partidogen.org.ar\/web\/wp-json\/wp\/v2\/media?parent=13634"}],"wp:term":[{"taxonomy":"category","embeddable":true,"href":"https:\/\/www.partidogen.org.ar\/web\/wp-json\/wp\/v2\/categories?post=13634"},{"taxonomy":"post_tag","embeddable":true,"href":"https:\/\/www.partidogen.org.ar\/web\/wp-json\/wp\/v2\/tags?post=13634"}],"curies":[{"name":"wp","href":"https:\/\/api.w.org\/{rel}","templated":true}]}}