{"id":1357,"date":"2015-01-28T19:33:19","date_gmt":"2015-01-28T19:33:19","guid":{"rendered":"http:\/\/www.partidogen.org.ar\/web\/?p=1357"},"modified":"2015-02-04T20:05:39","modified_gmt":"2015-02-04T20:05:39","slug":"comunicado-y-conferencia-de-prensa-de-los-presidentes-de-los-bloques-de-la-oposicion","status":"publish","type":"post","link":"https:\/\/www.partidogen.org.ar\/web\/comunicado-y-conferencia-de-prensa-de-los-presidentes-de-los-bloques-de-la-oposicion\/","title":{"rendered":"COMUNICADO Y CONFERENCIA DE PRENSA DE LOS PRESIDENTES DE LOS BLOQUES DE LA OPOSICI\u00d3N"},"content":{"rendered":"<p><iframe loading=\"lazy\" width=\"420\" height=\"315\" src=\"https:\/\/www.youtube.com\/embed\/IuA7Q0Q3fPs\" frameborder=\"0\" allowfullscreen><\/iframe><\/p>\n<p>27\/01\/2015 &#8211; Con la participaci\u00f3n de los Presidentes de los Bloques: GEN, MARGARITA STOLBIZER; UCR, MARIO NEGRI; Uni\u00f3n Pro, FEDERICO PINEDO; Frente Renovador, RUB\u00c9N GIUSTOZZI;  Frente C\u00edvico-C\u00f3rdoba, GRACIELA VILLATA y en representaci\u00f3n de los Bloques CC-Ari, FERNANDO S\u00c1NCHEZ  y Suma-UNEN, ANA CARRIZO.<\/p>\n<p><strong><span class=\"first\">C<\/span>OMUNICADO:<\/strong><\/p>\n<p>Frente a la gravedad de la crisis, provocada por los hechos, y para crear confianza institucional a la sociedad, nos hemos reunido para coordinar estrategias y acciones en la C\u00e1mara de Diputados del Congreso de la Naci\u00f3n:<\/p>\n<p>1.Exigimos a la Presidenta que incorpore en las sesiones extraordinarias la denuncia y derogaci\u00f3n del tratado con la Rep\u00fablica Isl\u00e1mica de Ir\u00e1n.<\/p>\n<p>2.Exigimos que se ponga a disposici\u00f3n a todos los funcionarios del Poder Ejecutivo para ser interpelados por el Congreso, en particular: el Canciller, Timerman; la ministra de Seguridad, Cecilia Rodr\u00edguez; y el Secretario de Inteligencia, Dr. Oscar Parrilli. Y que se releven del secreto que impone la ley a los funcionarios que han estado a cargo de organismos de Inteligencia.<\/p>\n<p>3.Solicitamos una entrevista con la Corte Suprema de Justicia.<\/p>\n<p>4.Denunciamos que este proyecto de reforma de la Ley de Inteligencia es una maniobra que va a profundizar la politizaci\u00f3n de los organismos de inteligencia, con el objetivo de distraer la atenci\u00f3n de la sociedad del problema central, que es la impunidad y la falta de verdad.<\/p>\n","protected":false},"excerpt":{"rendered":"<p>27\/01\/2015 &#8211; Con la participaci\u00f3n de los Presidentes de los Bloques: GEN, MARGARITA STOLBIZER; UCR, MARIO NEGRI; Uni\u00f3n Pro, FEDERICO PINEDO; Frente Renovador, RUB\u00c9N GIUSTOZZI&#8230;<\/p>\n","protected":false},"author":2,"featured_media":1358,"comment_status":"closed","ping_status":"closed","sticky":false,"template":"","format":"standard","meta":{"footnotes":""},"categories":[44],"tags":[],"class_list":["post-1357","post","type-post","status-publish","format-standard","has-post-thumbnail","hentry","category-actualidad"],"_links":{"self":[{"href":"https:\/\/www.partidogen.org.ar\/web\/wp-json\/wp\/v2\/posts\/1357","targetHints":{"allow":["GET"]}}],"collection":[{"href":"https:\/\/www.partidogen.org.ar\/web\/wp-json\/wp\/v2\/posts"}],"about":[{"href":"https:\/\/www.partidogen.org.ar\/web\/wp-json\/wp\/v2\/types\/post"}],"author":[{"embeddable":true,"href":"https:\/\/www.partidogen.org.ar\/web\/wp-json\/wp\/v2\/users\/2"}],"replies":[{"embeddable":true,"href":"https:\/\/www.partidogen.org.ar\/web\/wp-json\/wp\/v2\/comments?post=1357"}],"version-history":[{"count":0,"href":"https:\/\/www.partidogen.org.ar\/web\/wp-json\/wp\/v2\/posts\/1357\/revisions"}],"wp:featuredmedia":[{"embeddable":true,"href":"https:\/\/www.partidogen.org.ar\/web\/wp-json\/wp\/v2\/media\/1358"}],"wp:attachment":[{"href":"https:\/\/www.partidogen.org.ar\/web\/wp-json\/wp\/v2\/media?parent=1357"}],"wp:term":[{"taxonomy":"category","embeddable":true,"href":"https:\/\/www.partidogen.org.ar\/web\/wp-json\/wp\/v2\/categories?post=1357"},{"taxonomy":"post_tag","embeddable":true,"href":"https:\/\/www.partidogen.org.ar\/web\/wp-json\/wp\/v2\/tags?post=1357"}],"curies":[{"name":"wp","href":"https:\/\/api.w.org\/{rel}","templated":true}]}}