{"id":12990,"date":"2023-08-17T18:37:56","date_gmt":"2023-08-17T21:37:56","guid":{"rendered":"https:\/\/www.partidogen.org.ar\/web\/?p=12990"},"modified":"2024-02-07T21:16:09","modified_gmt":"2024-02-08T00:16:09","slug":"frente-a-la-incertidumbre-y-la-angustia-social-la-politica-debe-reaccionar","status":"publish","type":"post","link":"https:\/\/www.partidogen.org.ar\/web\/frente-a-la-incertidumbre-y-la-angustia-social-la-politica-debe-reaccionar\/","title":{"rendered":"FRENTE A LA INCERTIDUMBRE Y LA ANGUSTIA SOCIAL, LA POLITICA DEBE REACCIONAR"},"content":{"rendered":"\t\t<div data-elementor-type=\"wp-post\" data-elementor-id=\"12990\" class=\"elementor elementor-12990\">\n\t\t\t\t\t\t\t\t\t<section class=\"elementor-section elementor-top-section elementor-element elementor-element-7c0542f elementor-section-boxed elementor-section-height-default elementor-section-height-default\" data-id=\"7c0542f\" data-element_type=\"section\">\n\t\t\t\t\t\t<div class=\"elementor-container elementor-column-gap-default\">\n\t\t\t\t\t<div class=\"elementor-column elementor-col-100 elementor-top-column elementor-element elementor-element-16151df\" data-id=\"16151df\" data-element_type=\"column\">\n\t\t\t<div class=\"elementor-widget-wrap elementor-element-populated\">\n\t\t\t\t\t\t\t\t<div class=\"elementor-element elementor-element-3accbb1 elementor-widget elementor-widget-text-editor\" data-id=\"3accbb1\" data-element_type=\"widget\" data-widget_type=\"text-editor.default\">\n\t\t\t\t<div class=\"elementor-widget-container\">\n\t\t\t<style>\/*! elementor - v3.13.3 - 22-05-2023 *\/\n.elementor-widget-text-editor.elementor-drop-cap-view-stacked .elementor-drop-cap{background-color:#69727d;color:#fff}.elementor-widget-text-editor.elementor-drop-cap-view-framed .elementor-drop-cap{color:#69727d;border:3px solid;background-color:transparent}.elementor-widget-text-editor:not(.elementor-drop-cap-view-default) .elementor-drop-cap{margin-top:8px}.elementor-widget-text-editor:not(.elementor-drop-cap-view-default) .elementor-drop-cap-letter{width:1em;height:1em}.elementor-widget-text-editor .elementor-drop-cap{float:left;text-align:center;line-height:1;font-size:50px}.elementor-widget-text-editor .elementor-drop-cap-letter{display:inline-block}<\/style>\t\t\t\t<p>El resultado de la elecci\u00f3n PASO del domingo pasado pone a todos los protagonistas de la pol\u00edtica activa frente al desaf\u00edo de volver a pensar el instrumento para recoger el mensaje y reconstruir la credibilidad que nunca debi\u00f3 perder.<\/p><p>Es necesario poner en valor la expresi\u00f3n ciudadana que demand\u00f3 cambios reales y termin\u00f3 votando la opci\u00f3n que se presentaba como m\u00e1s \u201cdiferente\u201d frente a las responsabilidades que adjudica al gobierno actual y al anterior por la grave crisis de la econom\u00eda y las angustias de la vida diaria.<\/p><p>Asistimos a una verdadera situaci\u00f3n de desgobierno que no ha registrado y no ha sabido responder a las demandas sociales por una econom\u00eda deteriorada que impacta en la vida de las personas.<\/p><p>La creciente inflaci\u00f3n se refleja linealmente en menor poder adquisitivo de la poblaci\u00f3n. Mes a mes las familias deben privarse de algo m\u00e1s para poder cubrir sus gastos mensuales. En la medida que cae el poder adquisitivo de la poblaci\u00f3n se reducen las posibilidades de venta al mercado interno de las empresas que operan en el pa\u00eds. La alternativa de exportar no est\u00e1 al alcance de todas las empresas: El alto costo del financiamiento, la alta presi\u00f3n impositiva que no se refleja en bienes de calidad prestados por el Estado, el retraso del tipo de cambio real que busca contener la inflaci\u00f3n son factores que alejan a nuestras empresas de mercados internacionales. Si no hay mercado interno ni externo las empresas se achican o cierran.Eso impacta en la situaci\u00f3n del empleo, cada vez m\u00e1s precarizado e insuficiente, de la misma manera que los ingresos individuales o familiares. Frente al aumento brutal de los productos b\u00e1sicos, las propuestas de topes o calificaci\u00f3n de los precios, son una ficci\u00f3n que hace a\u00fan m\u00e1s pat\u00e9tica la situaci\u00f3n del consumo que dej\u00f3 de ser el dinamizador de la econom\u00eda por las carencias de los propios consumidores.<\/p><p>Mientras tanto, el Presidente y la Vicepresidenta juegan a las escondidas y han decidido mantenerse al margen de este estado de situaci\u00f3n que ellos mismos han provocado. El gobierno esta pol\u00edticamente ac\u00e9falo. El Ministro de Econom\u00eda perdi\u00f3 toda credibilidad. Su \u00fanico argumento es culpar al gobierno anterior y al propio ex Ministro de su gobierno. Comprometen el futuro del pa\u00eds dejando un Banco Central sin reservas ni margen de maniobra.<\/p><p>Un d\u00e9ficit cuasifiscal cada vez m\u00e1s alto que, sumado al d\u00e9ficit fiscal, hacen la situaci\u00f3n insostenible. El gobierno no corrige los desequilibrios, los esconde debajo de la alfombra y la patea para adelante.<\/p><p>Salir de la incertidumbre es tomar de inmediato los remedios que necesita la econom\u00eda, las instituciones y sobre todo, la sociedad. Y plantear con claridad cu\u00e1les ser\u00e1n las respuestas concretas para crear condiciones. No es razonable discutir sobre existencia o no, o tama\u00f1o del Estado. La discusi\u00f3n es como hacer que el estado cumpla con lo que debe asegurar: servicios esenciales a toda la poblaci\u00f3n, por prestaci\u00f3n directa o a trav\u00e9s del ejercicio del control sobre la actuaci\u00f3n de los mercados. El funcionamiento del estado debe ser eficaz, eficiente, transparente. El capitalismo no puede abandonar a cada cual a su suerte. La relaci\u00f3n virtuosa del sector p\u00fablico y el privado debe generar y distribuir prosperidad, terminando con privilegios intolerables como los que, muchas veces, exhibe el mismo sector de la pol\u00edtica.<\/p><p>Somos GEN, un partido pol\u00edtico de ideas y valores, de militancia comprometida con el progreso social. Acompa\u00f1amos las preocupaciones y reivindicaciones sociales, trabajamos para ofrecer las mejores respuestas. Ratificamos nuestra pertenencia y compromiso con la Coalici\u00f3n Juntos por el Cambio que integramos en este proceso electoral y en ese lugar pretendemos aportar una visi\u00f3n humanista de la pol\u00edtica que se ponga a la altura de las circunstancias para asegurar un futuro de bienestar.<\/p>\t\t\t\t\t\t<\/div>\n\t\t\t\t<\/div>\n\t\t\t\t\t<\/div>\n\t\t<\/div>\n\t\t\t\t\t\t\t<\/div>\n\t\t<\/section>\n\t\t<div class=\"elementor-element elementor-element-2d8bb95 e-con-boxed e-flex e-con\" data-id=\"2d8bb95\" data-element_type=\"container\" data-settings=\"{&quot;content_width&quot;:&quot;boxed&quot;}\">\n\t\t\t\t\t<div class=\"e-con-inner\">\n\t\t<div class=\"elementor-element elementor-element-d8e28a2 e-con-full e-flex e-con\" data-id=\"d8e28a2\" data-element_type=\"container\" data-settings=\"{&quot;content_width&quot;:&quot;full&quot;}\">\n\t\t\t\t<div class=\"elementor-element elementor-element-214441a elementor-widget elementor-widget-heading\" data-id=\"214441a\" data-element_type=\"widget\" data-widget_type=\"heading.default\">\n\t\t\t\t<div class=\"elementor-widget-container\">\n\t\t\t<style>\/*! elementor - v3.13.3 - 22-05-2023 *\/\n.elementor-heading-title{padding:0;margin:0;line-height:1}.elementor-widget-heading .elementor-heading-title[class*=elementor-size-]>a{color:inherit;font-size:inherit;line-height:inherit}.elementor-widget-heading .elementor-heading-title.elementor-size-small{font-size:15px}.elementor-widget-heading .elementor-heading-title.elementor-size-medium{font-size:19px}.elementor-widget-heading .elementor-heading-title.elementor-size-large{font-size:29px}.elementor-widget-heading .elementor-heading-title.elementor-size-xl{font-size:39px}.elementor-widget-heading .elementor-heading-title.elementor-size-xxl{font-size:59px}<\/style><h6 class=\"elementor-heading-title elementor-size-small\">Gonzalo Toselli\n<\/h6>\t\t<\/div>\n\t\t\t\t<\/div>\n\t\t\t\t<div class=\"elementor-element elementor-element-2aa6c5a elementor-widget elementor-widget-heading\" data-id=\"2aa6c5a\" data-element_type=\"widget\" data-widget_type=\"heading.default\">\n\t\t\t\t<div class=\"elementor-widget-container\">\n\t\t\t<h6 class=\"elementor-heading-title elementor-size-small\">Secretario General<\/h6>\t\t<\/div>\n\t\t\t\t<\/div>\n\t\t\t\t<\/div>\n\t\t<div class=\"elementor-element elementor-element-4f429e8 e-con-full e-flex e-con\" data-id=\"4f429e8\" data-element_type=\"container\" data-settings=\"{&quot;content_width&quot;:&quot;full&quot;}\">\n\t\t\t\t<div class=\"elementor-element elementor-element-7885e43 elementor-widget elementor-widget-heading\" data-id=\"7885e43\" data-element_type=\"widget\" data-widget_type=\"heading.default\">\n\t\t\t\t<div class=\"elementor-widget-container\">\n\t\t\t<h6 class=\"elementor-heading-title elementor-size-small\">Sergio Abrevaya\n<\/h6>\t\t<\/div>\n\t\t\t\t<\/div>\n\t\t\t\t<div class=\"elementor-element elementor-element-55775cc elementor-widget elementor-widget-heading\" data-id=\"55775cc\" data-element_type=\"widget\" data-widget_type=\"heading.default\">\n\t\t\t\t<div class=\"elementor-widget-container\">\n\t\t\t<h6 class=\"elementor-heading-title elementor-size-small\">Presidente<\/h6>\t\t<\/div>\n\t\t\t\t<\/div>\n\t\t\t\t<\/div>\n\t\t\t\t\t<\/div>\n\t\t\t\t<\/div>\n\t\t<div class=\"elementor-element elementor-element-a2cd311 e-con-boxed e-flex e-con\" data-id=\"a2cd311\" data-element_type=\"container\" data-settings=\"{&quot;content_width&quot;:&quot;boxed&quot;}\">\n\t\t\t\t\t<div class=\"e-con-inner\">\n\t\t<div class=\"elementor-element elementor-element-66bf992 e-con-full e-flex e-con\" data-id=\"66bf992\" data-element_type=\"container\" data-settings=\"{&quot;content_width&quot;:&quot;full&quot;}\">\n\t\t\t\t<div class=\"elementor-element elementor-element-cf696e1 elementor-widget elementor-widget-image\" data-id=\"cf696e1\" data-element_type=\"widget\" data-widget_type=\"image.default\">\n\t\t\t\t<div class=\"elementor-widget-container\">\n\t\t\t<style>\/*! elementor - v3.13.3 - 22-05-2023 *\/\n.elementor-widget-image{text-align:center}.elementor-widget-image a{display:inline-block}.elementor-widget-image a img[src$=\".svg\"]{width:48px}.elementor-widget-image img{vertical-align:middle;display:inline-block}<\/style>\t\t\t\t\t\t\t\t\t\t\t\t<img loading=\"lazy\" decoding=\"async\" width=\"158\" height=\"30\" src=\"https:\/\/www.partidogen.org.ar\/web\/wp-content\/uploads\/2018\/04\/logoGEN2018_web.png\" class=\"attachment-large size-large wp-image-7827\" alt=\"\" \/>\t\t\t\t\t\t\t\t\t\t\t\t\t\t\t<\/div>\n\t\t\t\t<\/div>\n\t\t\t\t<\/div>\n\t\t\t\t\t<\/div>\n\t\t\t\t<\/div>\n\t\t\t\t\t\t\t<\/div>\n\t\t","protected":false},"excerpt":{"rendered":"<p>El resultado de la elecci\u00f3n PASO del domingo pasado pone a todos los protagonistas de la pol\u00edtica activa frente al desaf\u00edo de volver a pensar el instrumento para recoger el mensaje y reconstruir la credibilidad que nunca debi\u00f3 perder.<\/p>\n","protected":false},"author":2,"featured_media":9897,"comment_status":"closed","ping_status":"closed","sticky":false,"template":"","format":"standard","meta":{"footnotes":""},"categories":[44,223],"tags":[139],"class_list":["post-12990","post","type-post","status-publish","format-standard","has-post-thumbnail","hentry","category-actualidad","category-declaracion-partido-gen","tag-declaracion-partido-gen"],"_links":{"self":[{"href":"https:\/\/www.partidogen.org.ar\/web\/wp-json\/wp\/v2\/posts\/12990","targetHints":{"allow":["GET"]}}],"collection":[{"href":"https:\/\/www.partidogen.org.ar\/web\/wp-json\/wp\/v2\/posts"}],"about":[{"href":"https:\/\/www.partidogen.org.ar\/web\/wp-json\/wp\/v2\/types\/post"}],"author":[{"embeddable":true,"href":"https:\/\/www.partidogen.org.ar\/web\/wp-json\/wp\/v2\/users\/2"}],"replies":[{"embeddable":true,"href":"https:\/\/www.partidogen.org.ar\/web\/wp-json\/wp\/v2\/comments?post=12990"}],"version-history":[{"count":19,"href":"https:\/\/www.partidogen.org.ar\/web\/wp-json\/wp\/v2\/posts\/12990\/revisions"}],"predecessor-version":[{"id":13843,"href":"https:\/\/www.partidogen.org.ar\/web\/wp-json\/wp\/v2\/posts\/12990\/revisions\/13843"}],"wp:featuredmedia":[{"embeddable":true,"href":"https:\/\/www.partidogen.org.ar\/web\/wp-json\/wp\/v2\/media\/9897"}],"wp:attachment":[{"href":"https:\/\/www.partidogen.org.ar\/web\/wp-json\/wp\/v2\/media?parent=12990"}],"wp:term":[{"taxonomy":"category","embeddable":true,"href":"https:\/\/www.partidogen.org.ar\/web\/wp-json\/wp\/v2\/categories?post=12990"},{"taxonomy":"post_tag","embeddable":true,"href":"https:\/\/www.partidogen.org.ar\/web\/wp-json\/wp\/v2\/tags?post=12990"}],"curies":[{"name":"wp","href":"https:\/\/api.w.org\/{rel}","templated":true}]}}