{"id":11988,"date":"2022-10-11T14:20:03","date_gmt":"2022-10-11T17:20:03","guid":{"rendered":"https:\/\/www.partidogen.org.ar\/web\/?p=11988"},"modified":"2022-10-11T14:22:33","modified_gmt":"2022-10-11T17:22:33","slug":"el-partido-gen-expresa-su-preocupacion-y-exige-se-tomen-medidas","status":"publish","type":"post","link":"https:\/\/www.partidogen.org.ar\/web\/el-partido-gen-expresa-su-preocupacion-y-exige-se-tomen-medidas\/","title":{"rendered":"EL PARTIDO GEN EXPRESA SU PREOCUPACI\u00d3N Y EXIGE SE TOMEN MEDIDAS\u00a0"},"content":{"rendered":"\n<p><strong><sub>&nbsp;Amenazas a periodistas de Rosario&nbsp;<\/sub><\/strong><\/p>\n\n\n\n<p>El Partido GEN hace saber su profunda preocupaci\u00f3n por las amenazas que sufrieron los y las periodistas rosarino\/as del canal de televisi\u00f3n Telefe. Se solidariza con ellos\/as y exige a los Poderes Ejecutivos nacional y Provincial -como as\u00ed tambi\u00e9n a la Justicia- se tomen las medidas pertinentes y se esclarezca este hecho.\u00a0<\/p>\n\n\n\n<p>Rosario viene sufriendo los embates de las MAFIAS desde hace tiempo y el Gobierno Nacional, que es quien cuenta con los principales resortes para encarar una pol\u00edtica integral que enfrente al crimen organizado, mira hacia otro lado.&nbsp;<\/p>\n\n\n\n<p>Las Fuerzas Federales, como Gendarmer\u00eda, Prefectura y PSA, el control de la Aduana, la AFIP, el control de precursores qu\u00edmicos, el control de las armas, la investigaci\u00f3n sobre lavado de dinero, etc. son herramientas del Poder Ejecutivo de la Naci\u00f3n. Como tambi\u00e9n lo son las pol\u00edticas educativas, sociales, laborales deportivas o culturales. Todos esos resortes deben contribuir a una pol\u00edtica de Estado que asista a la ciudad de Rosario. Pero NADA SE HA HECHO.&nbsp;<\/p>\n\n\n\n<p>Para el Gobierno central, Rosario aparece como una isla que no merece su atenci\u00f3n. No eximimos las responsabilidades del Gobierno Provincial, pero est\u00e1 m\u00e1s que a la vista la absoluta responsabilidad del Gobierno de la Naci\u00f3n.&nbsp;<\/p>\n\n\n\n<p>Nos ponemos a disposici\u00f3n como partido y ponemos a disposici\u00f3n el aporte de nuestras representantes en las legislaturas. Solicitamos se esclarezca este episodio y se brinden todas las medidas de prevenci\u00f3n y tutela tanto a las personas amenazadas como a la poblaci\u00f3n en general. Se han agotado los tiempos. Esperamos que el Presidente Alberto Fern\u00e1ndez cumpla con su responsabilidad por la salud de nuestra democracia.&nbsp;<\/p>\n\n\n<div class=\"wp-block-image\">\n<figure class=\"aligncenter size-full\"><img loading=\"lazy\" decoding=\"async\" width=\"158\" height=\"30\" src=\"https:\/\/www.partidogen.org.ar\/web\/wp-content\/uploads\/2018\/04\/logoGEN2018_web.png\" alt=\"\" class=\"wp-image-7827\"\/><\/figure>\n<\/div>","protected":false},"excerpt":{"rendered":"<p>&nbsp;Amenazas a periodistas de Rosario&nbsp; El Partido GEN hace saber su profunda preocupaci\u00f3n por las amenazas que sufrieron los y las periodistas rosarino\/as del canal de televisi\u00f3n Telefe. Se solidariza con ellos\/as y exige a los Poderes Ejecutivos nacional y Provincial -como as\u00ed tambi\u00e9n a la Justicia- se tomen las medidas pertinentes y se esclarezca [&hellip;]<\/p>\n","protected":false},"author":2,"featured_media":9897,"comment_status":"closed","ping_status":"closed","sticky":false,"template":"","format":"standard","meta":{"footnotes":""},"categories":[44],"tags":[434],"class_list":["post-11988","post","type-post","status-publish","format-standard","has-post-thumbnail","hentry","category-actualidad","tag-amenazas-a-periodistas-de-rosario"],"_links":{"self":[{"href":"https:\/\/www.partidogen.org.ar\/web\/wp-json\/wp\/v2\/posts\/11988","targetHints":{"allow":["GET"]}}],"collection":[{"href":"https:\/\/www.partidogen.org.ar\/web\/wp-json\/wp\/v2\/posts"}],"about":[{"href":"https:\/\/www.partidogen.org.ar\/web\/wp-json\/wp\/v2\/types\/post"}],"author":[{"embeddable":true,"href":"https:\/\/www.partidogen.org.ar\/web\/wp-json\/wp\/v2\/users\/2"}],"replies":[{"embeddable":true,"href":"https:\/\/www.partidogen.org.ar\/web\/wp-json\/wp\/v2\/comments?post=11988"}],"version-history":[{"count":3,"href":"https:\/\/www.partidogen.org.ar\/web\/wp-json\/wp\/v2\/posts\/11988\/revisions"}],"predecessor-version":[{"id":11991,"href":"https:\/\/www.partidogen.org.ar\/web\/wp-json\/wp\/v2\/posts\/11988\/revisions\/11991"}],"wp:featuredmedia":[{"embeddable":true,"href":"https:\/\/www.partidogen.org.ar\/web\/wp-json\/wp\/v2\/media\/9897"}],"wp:attachment":[{"href":"https:\/\/www.partidogen.org.ar\/web\/wp-json\/wp\/v2\/media?parent=11988"}],"wp:term":[{"taxonomy":"category","embeddable":true,"href":"https:\/\/www.partidogen.org.ar\/web\/wp-json\/wp\/v2\/categories?post=11988"},{"taxonomy":"post_tag","embeddable":true,"href":"https:\/\/www.partidogen.org.ar\/web\/wp-json\/wp\/v2\/tags?post=11988"}],"curies":[{"name":"wp","href":"https:\/\/api.w.org\/{rel}","templated":true}]}}