{"id":11844,"date":"2022-05-19T18:28:25","date_gmt":"2022-05-19T21:28:25","guid":{"rendered":"https:\/\/www.partidogen.org.ar\/web\/?p=11844"},"modified":"2022-07-08T18:32:06","modified_gmt":"2022-07-08T21:32:06","slug":"avanzan-las-investigaciones-por-contaminacion-en-los-arroyos-luduena-y-saladillo","status":"publish","type":"post","link":"https:\/\/www.partidogen.org.ar\/web\/avanzan-las-investigaciones-por-contaminacion-en-los-arroyos-luduena-y-saladillo\/","title":{"rendered":"Avanzan las investigaciones por contaminaci\u00f3n en los arroyos Ludue\u00f1a y Saladillo"},"content":{"rendered":"<p><img loading=\"lazy\" decoding=\"async\" class=\"aligncenter size-full wp-image-11838\" src=\"https:\/\/www.partidogen.org.ar\/web\/wp-content\/uploads\/2022\/07\/nota-reunion-fiscal.jpeg\" alt=\"\" width=\"1600\" height=\"1200\" srcset=\"https:\/\/www.partidogen.org.ar\/web\/wp-content\/uploads\/2022\/07\/nota-reunion-fiscal.jpeg 1600w, https:\/\/www.partidogen.org.ar\/web\/wp-content\/uploads\/2022\/07\/nota-reunion-fiscal-300x225.jpeg 300w, https:\/\/www.partidogen.org.ar\/web\/wp-content\/uploads\/2022\/07\/nota-reunion-fiscal-768x576.jpeg 768w, https:\/\/www.partidogen.org.ar\/web\/wp-content\/uploads\/2022\/07\/nota-reunion-fiscal-1024x768.jpeg 1024w\" sizes=\"auto, (max-width: 1600px) 100vw, 1600px\" \/><\/p>\n<p class=\"p1\"><span class=\"s1\"><b>La Diputada M\u00f3nica Peralta se reuni\u00f3 con la fiscal Mar\u00eda Laura Mart\u00ednez quien lleva adelante la investigaci\u00f3n por contaminaci\u00f3n en los arroyos Ludue\u00f1a y Saladillo<\/b><\/span><\/p>\n<p class=\"p2\"><span class=\"s1\">La legisladora provincial, M\u00f3nica Peralta (GEN)\u00a0 se reuni\u00f3 con la fiscal a cargo de la Fiscal\u00eda extrapenal para la protecci\u00f3n de los intereses generales de Rosario, Mar\u00eda Laura Mart\u00ednez, con el fin de conocer los avances sobre las causas referentes a contaminaci\u00f3n ambiental en el arroyo Ludue\u00f1a y\u00a0 \u201c El Zanj\u00f3n\u201d del Saladillo que atraviesa la reserva natural de Villa Gobernador G\u00e1lvez. El encuentro tuvo lugar durante el mediod\u00eda del lunes en el edificio de los tribunales provinciales de calle Balcarce y Pellegrini.<\/span><\/p>\n<p class=\"p2\"><span class=\"s1\">\u201cEs un encuentro muy valioso cuya finalidad es conocer el estado de las causas relacionadas a contaminaci\u00f3n ambiental en los arroyos Ludue\u00f1a y Saladillo generado por algunas industrias qu\u00edmicas y c\u00e1rnicas entre otros rubros, instaladas en uno de los cordones industriales de nuestra provincia\u201d, indic\u00f3 Peralta.<\/span><\/p>\n<p class=\"p2\"><span class=\"s1\">Durante la actividad, la Fiscal Mart\u00ednez, puso en relieve la intervenci\u00f3n en las investigaciones sobre contaminaci\u00f3n ambiental y explic\u00f3 que se dan a trav\u00e9s de la \u201clegitimaci\u00f3n activa de la fiscal\u00eda\u201d, la cual habilita al organismo a tomar acciones en relaci\u00f3n a situaciones como las que atraviesan los arroyos Ludue\u00f1a y Saladillo.<\/span><\/p>\n<p class=\"p2\"><span class=\"s1\">Adem\u00e1s, aclar\u00f3 que en ocasiones como la del \u201cZanj\u00f3n del Saladillo\u201d, la fiscal\u00eda se hace presente ante<span class=\"Apple-converted-space\">\u00a0 <\/span>denuncias de vecinos y en otros casos por solicitud que se dan en el marco de la procuradur\u00eda.<\/span><\/p>\n<p class=\"p2\"><span class=\"s1\">En cuanto al estado de las causas, Mart\u00ednez explic\u00f3 que la interposici\u00f3n de la demanda civil por prevenci\u00f3n de mayores da\u00f1os y por recomposici\u00f3n ambiental, propone un plan de remediaci\u00f3n con la supervisi\u00f3n del Ministerio de Ambiente de la provincia. <\/span><\/p>\n<p class=\"p2\"><span class=\"s1\">No obstante, la fiscal aclar\u00f3 que no existen protocolos para la remediaci\u00f3n de da\u00f1os ambientales y ejemplific\u00f3 con el caso de la provincia de Mendoza en relaci\u00f3n a la contaminaci\u00f3n del riachuelo.<\/span><\/p>\n<p class=\"p2\"><span class=\"s1\">En ese marco, el prosecretario de la fiscal\u00eda, Santiago Pascual explic\u00f3: \u201ceste tipo de demandas ambientales generan un efecto rebote donde las empresas van acomodando su conducta a las normas legales durante el tiempo que llevan los procesos\u201d y aclar\u00f3 que en este tipo de causas solicitan como medida que se les aplique a quienes generaron contaminaci\u00f3n un da\u00f1o punitivo haciendo eje en el consumo sostenible y para que a futuro les sea desfavorable a las empresas no contemplar la contaminaci\u00f3n en los costos de producci\u00f3n.<\/span><\/p>\n<p class=\"p2\"><span class=\"s1\">Por su parte la diputada del GEN aclar\u00f3: \u201chace tiempo que venimos planteando la responsabilidad extendida a quienes producen en sinton\u00eda con lo que nos planteaba la fiscal Mart\u00ednez y Santiago Pascual\u201d y agrego: \u201ctenemos que erradicar la irresponsabilidad que tienen ciertos sectores productivos de hacer las cosas por fuera de las normas y esperar a que alguien se de cuenta, los denuncie, los controlen y luego tomarse un tiempo para adecuarse a una normativa que de antemano conoc\u00edan\u201d.<\/span><\/p>\n<p class=\"p2\"><span class=\"s1\">\u201cTomando en cuenta que el informe brindado por el mismo Ministerio de Ambiente de Santa Fe expresa que solo un poco m\u00e1s del 1 por ciento de las empresas tienen aprobado el estudio de impacto ambiental estamos en un grave problema a la hora de hablar de control\u201d, remat\u00f3 Peralta.<\/span><\/p>\n<p class=\"p2\"><span class=\"s1\">Adem\u00e1s la representante de la c\u00e1mara baja provincial explico que \u201ces fundamental que el gobierno central delegue facultades y recursos de control a municipios y comunas en lo que respecta a los estudios de impacto ambiental y a la planificaci\u00f3n de estudios estrat\u00e9gicos ambientales como as\u00ed tambi\u00e9n distintos protocolos de remediaci\u00f3n ante da\u00f1os en el ambiente, causados no solamente por los privados sino tambi\u00e9n por la ausencia de pol\u00edticas p\u00fablicas como por ejemplo las obras de saneamiento\u201d.<\/span><\/p>\n<p class=\"p2\"><span class=\"s1\">\u00a0\u201cEs importante comprender qu\u00e9 el agua que tomamos y el aire que respiramos m\u00e1s los productos que consumimos se ven afectados por una forma de producci\u00f3n que no preserva la salud de las personas y el cuidado del ambiente\u201d, reflexion\u00f3.<\/span><\/p>\n<p class=\"p2\"><span class=\"s1\">Sobre la contaminaci\u00f3n y saneamiento del arroyo Ludue\u00f1a y \u201cEl Zanj\u00f3n\u201d del Saladillo que atraviesa la reserva natural de Villa Gobernador G\u00e1lvez, la fiscal\u00eda inform\u00f3 que muestras de estudios arrojaron la presencia de \u201cbacterias coliformes fecales\u201d que suelen estar relacionadas con desag\u00fces cloacales y residuos de industrias frigor\u00edficas, los cuales ponen en riesgo la salud haciendo peligroso el contacto con el agua, la tierra y las v\u00edas respiratorias de las personas que transitan o viven en inmediaciones.\u00a0<\/span><\/p>\n<p class=\"p2\"><span class=\"s1\">Al respecto, la legisladora del GEN tambi\u00e9n present\u00f3 proyectos<span class=\"Apple-converted-space\">\u00a0 <\/span>vinculados (n\u00fameros de los proyectos aparte) a estos temas al tiempo que visit\u00f3 las cuencas en el momento en que se radicaran las denuncias para constatar con fotos y v\u00eddeos la situaci\u00f3n. \u00a0<\/span><\/p>\n<p class=\"p2\"><span class=\"s1\"><b>Vale destacar que \u00abEl Zanj\u00f3n\u00bb, como se denomina la zona donde se presentaron los mayores da\u00f1os ambientales, nace al Oeste de la Avenida San Mart\u00edn y desemboca en el Arroyo Saladillo, cerca del barrio \u00abLa Isleta\u00bb y frente al Parque Sur de Rosario, que luego se incorpora al r\u00edo Paran\u00e1.<\/b><\/span><\/p>\n<p class=\"p3\"><span class=\"s1\">\u201cEl ambiente es un bien de incidencia colectiva, por eso valoro este encuentro con la fiscal\u00eda la cual, no depende del MPA, sino de la procuradur\u00eda provincial, que debe destinar m\u00e1s presupuesto en funci\u00f3n de que se puedan realizar las investigaciones correspondientes\u201d, concluy\u00f3 Peralta.<\/span><\/p>\n","protected":false},"excerpt":{"rendered":"<p>La Diputada M\u00f3nica Peralta se reuni\u00f3 con la fiscal Mar\u00eda Laura Mart\u00ednez quien lleva adelante la investigaci\u00f3n por contaminaci\u00f3n en los arroyos Ludue\u00f1a y Saladillo<\/p>\n","protected":false},"author":2,"featured_media":11838,"comment_status":"closed","ping_status":"closed","sticky":false,"template":"","format":"standard","meta":{"footnotes":""},"categories":[44,148],"tags":[422],"class_list":["post-11844","post","type-post","status-publish","format-standard","has-post-thumbnail","hentry","category-actualidad","category-monica-peralta","tag-ambiente"],"_links":{"self":[{"href":"https:\/\/www.partidogen.org.ar\/web\/wp-json\/wp\/v2\/posts\/11844","targetHints":{"allow":["GET"]}}],"collection":[{"href":"https:\/\/www.partidogen.org.ar\/web\/wp-json\/wp\/v2\/posts"}],"about":[{"href":"https:\/\/www.partidogen.org.ar\/web\/wp-json\/wp\/v2\/types\/post"}],"author":[{"embeddable":true,"href":"https:\/\/www.partidogen.org.ar\/web\/wp-json\/wp\/v2\/users\/2"}],"replies":[{"embeddable":true,"href":"https:\/\/www.partidogen.org.ar\/web\/wp-json\/wp\/v2\/comments?post=11844"}],"version-history":[{"count":1,"href":"https:\/\/www.partidogen.org.ar\/web\/wp-json\/wp\/v2\/posts\/11844\/revisions"}],"predecessor-version":[{"id":11845,"href":"https:\/\/www.partidogen.org.ar\/web\/wp-json\/wp\/v2\/posts\/11844\/revisions\/11845"}],"wp:featuredmedia":[{"embeddable":true,"href":"https:\/\/www.partidogen.org.ar\/web\/wp-json\/wp\/v2\/media\/11838"}],"wp:attachment":[{"href":"https:\/\/www.partidogen.org.ar\/web\/wp-json\/wp\/v2\/media?parent=11844"}],"wp:term":[{"taxonomy":"category","embeddable":true,"href":"https:\/\/www.partidogen.org.ar\/web\/wp-json\/wp\/v2\/categories?post=11844"},{"taxonomy":"post_tag","embeddable":true,"href":"https:\/\/www.partidogen.org.ar\/web\/wp-json\/wp\/v2\/tags?post=11844"}],"curies":[{"name":"wp","href":"https:\/\/api.w.org\/{rel}","templated":true}]}}