{"id":10857,"date":"2021-09-18T10:38:52","date_gmt":"2021-09-18T13:38:52","guid":{"rendered":"https:\/\/www.partidogen.org.ar\/web\/?p=10857"},"modified":"2021-12-20T15:12:49","modified_gmt":"2021-12-20T18:12:49","slug":"a-pesar-de-la-crisis-del-gobierno-no-debemos-perder-de-vista-el-mensaje-de-la-urnas","status":"publish","type":"post","link":"https:\/\/www.partidogen.org.ar\/web\/a-pesar-de-la-crisis-del-gobierno-no-debemos-perder-de-vista-el-mensaje-de-la-urnas\/","title":{"rendered":"A pesar de la crisis del Gobierno, no debemos perder de vista el mensaje de la urnas"},"content":{"rendered":"<p><span class=\"first\">L<\/span>a disputa interna del oficialismo representa el mayor acto de irresponsabilidad pol\u00edtica que podr\u00edamos haber imaginado. Pero ahora la oposici\u00f3n deber\u00e1 construir una alternativa seria y progresista para gobernar la Argentina<\/p>\n<p>Por <a href=\"https:\/\/www.infobae.com\/autor\/margarita-stolbizer\">Margarita Stolbizer<\/a><\/p>\n<p>Para comenzar, necesito hacer la aclaraci\u00f3n sobre la peligrosa atemporalidad que intentar\u00e9 dar a mi opini\u00f3n frente a la crisis pol\u00edtica desatada dentro del Gobierno y la que debe ser evaluada seg\u00fan su propia escalada, en el minuto a minuto.<\/p>\n<p><img loading=\"lazy\" decoding=\"async\" src=\"https:\/\/www.partidogen.org.ar\/web\/wp-content\/uploads\/2021\/09\/Cristina-Alberto.jpg\" alt=\"\" width=\"992\" height=\"661\" class=\"aligncenter size-full wp-image-10858\" srcset=\"https:\/\/www.partidogen.org.ar\/web\/wp-content\/uploads\/2021\/09\/Cristina-Alberto.jpg 992w, https:\/\/www.partidogen.org.ar\/web\/wp-content\/uploads\/2021\/09\/Cristina-Alberto-300x200.jpg 300w, https:\/\/www.partidogen.org.ar\/web\/wp-content\/uploads\/2021\/09\/Cristina-Alberto-768x512.jpg 768w\" sizes=\"auto, (max-width: 992px) 100vw, 992px\" \/><\/p>\n<p>Sin duda, estamos frente al mayor acto de irresponsabilidad pol\u00edtica que podr\u00edamos haber imaginado como consecuencia de la derrota electoral del domingo pasado. Y en este sentido, quisiera que no pase inadvertida esa secuencia. Para que el esc\u00e1ndalo no tape el claro mensaje de la ciudadan\u00eda y los desaf\u00edos que eso implica tanto para el oficialismo como -hoy m\u00e1s que nunca- para la oposici\u00f3n.<\/p>\n<p>No se puede creer que en medio de la mayor crisis econ\u00f3mica y sanitaria los miembros de la coalici\u00f3n oficial est\u00e9n exponiendo sus peleas internas de manera tan brutal. \u00bfLes parece que es momento para eso? Por favor, resuelvan r\u00e1pido sus cuentas pendientes para atender los problemas de las mayor\u00edas (que hoy son las de casi todos).<\/p>\n<p>En momentos de pol\u00edticas expansivas en todo el mundo para frenar los efectos de la pandemia, el gobierno argentino viene practicando un duro ajuste econ\u00f3mico que han sufrido la mayor\u00eda de las personas y que ha afectado especialmente a nuestra populosa clase media. \u00bfPero esto es una decisi\u00f3n individual que se puede achacar en exclusiva al Ministro de Econom\u00eda? Claro que no.<\/p>\n<p>Estamos frente a una irresponsable manera de lavarse las manos como si las decisiones no les pertenecieran al conjunto y por tanto, la derrota no fuera una cachetada que suena igual en la cara de Alberto, Cristina, Massa, M\u00e1ximo, Axel y toda la casta de poderosos y privilegiados que con mucha soberbia nos quisieron hacer creer durante casi dos a\u00f1os que, contra lo que todos est\u00e1bamos percibiendo, ellos estaban \u201cgobernando para el pueblo\u201d.<\/p>\n<p>Est\u00e1 claro que la manifestaci\u00f3n popular, tan contundente como sin matices a lo largo y ancho de todo el territorio, tuvo como motivaci\u00f3n principal la falta de respuestas a los problemas de la econom\u00eda cotidiana, la de todos los d\u00edas, la que siente cada argentina y cada argentino cuando va a hacer las compras y ya no alcanza para lo que pod\u00eda poner en la bolsa hace una semana. Ya no era solamente que no solucionaron el tema de la inflaci\u00f3n sino que empezaron a ignorarlo como problema.<\/p>\n<p>La ca\u00edda de todos los indicadores econ\u00f3micos empez\u00f3 a trascender las meras estad\u00edsticas que ya no pod\u00eda ni ignorar el INDEC, para constituirse en una espada que part\u00eda la mesa familiar porque absolutamente en todos los hogares se registraron casos de p\u00e9rdida de empleo por el cierre de un comercio, de una pyme, el despido por achicamiento de gastos, y de manera muy determinante, la ca\u00edda del poder adquisitivo del ingreso que implicaba cambio de h\u00e1bitos en las compras, en las comidas, en los consumos.<\/p>\n<p>Mientras todo eso ocurr\u00eda, y la pandemia segu\u00eda azotando con aumentos de contagios y muertes y vacunas que no terminaban de llegar, el gobierno -y en especial el Senado de la Naci\u00f3n presidido por la Sra. de Kirchner- depositaba sus esfuerzos en llevar adelante entre otras movidas a los mismos fines, una reforma judicial como estrategia para la b\u00fasqueda de impunidad.<\/p>\n<p>Vimos claramente la impudicia de esos movimientos y por eso es imposible que alguien quiera esquivar ahora la responsabilidad que le cabe frente a la debacle electoral. Votamos eso: el rechazo a las pol\u00edticas que tambi\u00e9n desde otros \u00e1mbitos dan la espalda a las necesidades sociales para atender solamente los requerimientos del poder.<\/p>\n<p>La casta de privilegiados que nos gobierna tambi\u00e9n se hizo ver en la cola m\u00e1s r\u00e1pida de los vacunados que dejaron por detr\u00e1s a quienes no tienen la suerte de \u201cpertenecer\u201d, y se burlaron impiadosamente de los miles de familiares que dejaron a alguien internado sin poder acompa\u00f1arlo porque acataban protocolos, decretos y amenazas de sanci\u00f3n, mientras que ellos viajaban, festejaban, re\u00edan, \u201cse coloreaban\u201d y tantas otras sandeces que pusieron el eje de nuestro voto en la brutal crisis moral a la que nos llevaron. Se ha quebrado el contrato social porque se ha quebrado la raz\u00f3n \u00e9tica de la pol\u00edtica al servicio del bien com\u00fan.<\/p>\n<p>Todo ha sido tan grave y tan determinante al mismo tiempo que no puede quedar soslayado frente al esc\u00e1ndalo. Porque el resultado electoral muestra una ciudadan\u00eda que ha salido de la anomia, que se ha plantado en su dignidad y que se ha manifestado, al fin, intolerante frente al agravio de quienes s\u00f3lo entienden la pol\u00edtica para satisfacer propios intereses.<\/p>\n<p>Ha sido esa manifestaci\u00f3n popular la que ha provocado la crisis. La peor noticia hubiera sido que no reaccionar\u00e1n. Y lo hicieron con los pases de factura que estamos viendo como espectadores involuntarios del grotesco que protagonizan los responsables de la mayor crisis pol\u00edtica e institucional de los \u00faltimos a\u00f1os.<\/p>\n<p>El pueblo argentino se ha manifestado. Eso es lo que hay que saber leer. La situaci\u00f3n que atravesamos en presente es devenida por aquel resultado.<\/p>\n<p>El Presidente viene debilitado desde hace rato, desde que todos sabemos que otros le marcan la cancha. Pero tambi\u00e9n desde que abandon\u00f3 el di\u00e1logo con la oposici\u00f3n, el consejo de los expertos, el funcionamiento del consejo econ\u00f3mico y social. La debilidad de Fern\u00e1ndez y su p\u00e9rdida de autoridad tiene que ver con sus propias contradicciones, con la defensa judicial de los mismos que acus\u00f3 en el pasado y ahora lo acompa\u00f1an. Pero tambi\u00e9n han sido el retroceso de su investidura cada vez que la Vicepresidenta hizo p\u00fablica una carta o sus opiniones sobre la marcha de la gesti\u00f3n que ella misma integra . Su capacidad de da\u00f1o es enorme. Hoy ella busca sacar los pies del plato para no hacerse cargo de las medidas que deban tomarse y de las consecuencias que eso ocasione.<\/p>\n<p>Ya no hab\u00eda gobierno. Ya estaba \u201cpintado\u201d el titular del Ejecutivo. Pero que nadie se haga el distra\u00eddo.<\/p>\n<p>La estrepitosa derrota del gobernador de la Provincia de Buenos Aires es tambi\u00e9n la derrota de su proyecto y tal vez \u2013ojal\u00e1- el momento en que se trunque el proyecto que pretend\u00eda a M\u00e1ximo Kirchner como un sucesor (el \u00fanico) continuador de ella misma en un plazo no tan largo. De un joven que sin territorialidad, ni trayectoria, ni formaci\u00f3n, ni otra cosa que un abultado patrimonio, parec\u00eda domar a los otrora fort\u00edsimos barones del conurbano.<\/p>\n<p>En esta oportunidad, la derrota tiene muchos padres y madres. Presenciamos ahora todas las acciones de desconocimiento de paternidad, la t\u00edpica irresponsabilidad de quienes no se hacen cargo de sus propios actos.<\/p>\n<p>Deber\u00edan saldar este debate interno que los est\u00e1 llevando a aniquilarse entre ellos al tiempo que aniquilan el proyecto apoyado por quienes los acompa\u00f1aron. Tener r\u00e1pidamente el plan -que antes subestimaron- para poner el gobierno en marcha y transitar aunque fuera con un m\u00ednimo de estabilidad pol\u00edtica los dos a\u00f1os que le restan. Lo primero, es hacerse cargo entre todos los que se fotografiaban para instalar el falso relato de una unidad simulada.<\/p>\n<p>Pero sobre todo, -y esto es lo que no cambiar\u00e1 con el paso de las horas- lo que nos ha quedado con la elecci\u00f3n del domingo y con la crisis desatada por el Frente de Todos, es la enorme responsabilidad que se ha puesto en cabeza de la oposici\u00f3n: hay que construir una alternativa seria, progresista y con alto contenido \u00e9tico, para gobernar la Argentina. Sin tentaciones con el pasado, sin riesgos de errores ni repetici\u00f3n de fracasos. No solo se trata de ganar elecciones. Se trata de gobernar y hacerlo bien, poniendo el bien com\u00fan como el objetivo principal de la pol\u00edtica que debe, siempre, asumir el desaf\u00edo de hacer y dejar las cosas mejor que los que antecedieron y de tal manera que las generaciones futuras puedan reconocer y disfrutar lo que nos haya tocado hacer.<\/p>\n<p><a href=\"\/\/www.infobae.com\/opinion\/2021\/09\/18\/a-pesar-de-la-crisis-del-gobierno-no-debemos-perder-de-vista-el-mensaje-de-la-urnas\/\" target=\"_blank\" rel=\"noopener noreferrer\">Fuente Infobae<\/a><\/p>\n","protected":false},"excerpt":{"rendered":"<p>La disputa interna del oficialismo representa el mayor acto de irresponsabilidad pol\u00edtica que podr\u00edamos haber imaginado. Pero ahora la oposici\u00f3n deber\u00e1 construir una alternativa seria y progresista para gobernar la Argentina Por Margarita Stolbizer Para comenzar, necesito hacer la aclaraci\u00f3n sobre la peligrosa atemporalidad que intentar\u00e9 dar a mi opini\u00f3n frente a la crisis pol\u00edtica [&hellip;]<\/p>\n","protected":false},"author":2,"featured_media":10816,"comment_status":"closed","ping_status":"closed","sticky":false,"template":"","format":"standard","meta":{"footnotes":""},"categories":[44,47],"tags":[354,196],"class_list":["post-10857","post","type-post","status-publish","format-standard","has-post-thumbnail","hentry","category-actualidad","category-margarita-stolbizer-diputados-nacionales","tag-elecciones-paso","tag-margarita-stolbizer"],"_links":{"self":[{"href":"https:\/\/www.partidogen.org.ar\/web\/wp-json\/wp\/v2\/posts\/10857","targetHints":{"allow":["GET"]}}],"collection":[{"href":"https:\/\/www.partidogen.org.ar\/web\/wp-json\/wp\/v2\/posts"}],"about":[{"href":"https:\/\/www.partidogen.org.ar\/web\/wp-json\/wp\/v2\/types\/post"}],"author":[{"embeddable":true,"href":"https:\/\/www.partidogen.org.ar\/web\/wp-json\/wp\/v2\/users\/2"}],"replies":[{"embeddable":true,"href":"https:\/\/www.partidogen.org.ar\/web\/wp-json\/wp\/v2\/comments?post=10857"}],"version-history":[{"count":2,"href":"https:\/\/www.partidogen.org.ar\/web\/wp-json\/wp\/v2\/posts\/10857\/revisions"}],"predecessor-version":[{"id":10861,"href":"https:\/\/www.partidogen.org.ar\/web\/wp-json\/wp\/v2\/posts\/10857\/revisions\/10861"}],"wp:featuredmedia":[{"embeddable":true,"href":"https:\/\/www.partidogen.org.ar\/web\/wp-json\/wp\/v2\/media\/10816"}],"wp:attachment":[{"href":"https:\/\/www.partidogen.org.ar\/web\/wp-json\/wp\/v2\/media?parent=10857"}],"wp:term":[{"taxonomy":"category","embeddable":true,"href":"https:\/\/www.partidogen.org.ar\/web\/wp-json\/wp\/v2\/categories?post=10857"},{"taxonomy":"post_tag","embeddable":true,"href":"https:\/\/www.partidogen.org.ar\/web\/wp-json\/wp\/v2\/tags?post=10857"}],"curies":[{"name":"wp","href":"https:\/\/api.w.org\/{rel}","templated":true}]}}