{"id":1060,"date":"2014-12-02T17:00:26","date_gmt":"2014-12-02T17:00:26","guid":{"rendered":"http:\/\/www.partidogen.org.ar\/web\/?p=1060"},"modified":"2015-01-27T21:25:15","modified_gmt":"2015-01-27T21:25:15","slug":"la-comezon-del-septimo-ano","status":"publish","type":"post","link":"https:\/\/www.partidogen.org.ar\/web\/la-comezon-del-septimo-ano\/","title":{"rendered":"LA COMEZ\u00d3N DEL S\u00c9PTIMO A\u00d1O"},"content":{"rendered":"<p><img loading=\"lazy\" decoding=\"async\" src=\"http:\/\/genbuenosaires.org.ar\/wp-content\/uploads\/2014\/11\/278.jpg\" alt=\"LA COMEZ\u00d3N DEL S\u00c9PTIMO A\u00d1O\" width=\"985\" height=\"591\" class=\"alignnone size-full wp-image-14873\" \/><br \/>\nMartes 2 de diciembre de 17 a 21hs.<br \/>\n<strong><span class=\"first\">U<\/span>na mirada cr\u00edtica sobre la gesti\u00f3n del Pro en Buenos Aires.<\/strong><\/p>\n","protected":false},"excerpt":{"rendered":"<p>Martes 2 de diciembre de 17 a 21hs. Una mirada cr\u00edtica sobre la gesti\u00f3n del Pro en Buenos Aires.<\/p>\n","protected":false},"author":2,"featured_media":1061,"comment_status":"closed","ping_status":"closed","sticky":false,"template":"","format":"standard","meta":{"footnotes":""},"categories":[56],"tags":[],"class_list":["post-1060","post","type-post","status-publish","format-standard","has-post-thumbnail","hentry","category-actividades-2014"],"_links":{"self":[{"href":"https:\/\/www.partidogen.org.ar\/web\/wp-json\/wp\/v2\/posts\/1060","targetHints":{"allow":["GET"]}}],"collection":[{"href":"https:\/\/www.partidogen.org.ar\/web\/wp-json\/wp\/v2\/posts"}],"about":[{"href":"https:\/\/www.partidogen.org.ar\/web\/wp-json\/wp\/v2\/types\/post"}],"author":[{"embeddable":true,"href":"https:\/\/www.partidogen.org.ar\/web\/wp-json\/wp\/v2\/users\/2"}],"replies":[{"embeddable":true,"href":"https:\/\/www.partidogen.org.ar\/web\/wp-json\/wp\/v2\/comments?post=1060"}],"version-history":[{"count":0,"href":"https:\/\/www.partidogen.org.ar\/web\/wp-json\/wp\/v2\/posts\/1060\/revisions"}],"wp:featuredmedia":[{"embeddable":true,"href":"https:\/\/www.partidogen.org.ar\/web\/wp-json\/wp\/v2\/media\/1061"}],"wp:attachment":[{"href":"https:\/\/www.partidogen.org.ar\/web\/wp-json\/wp\/v2\/media?parent=1060"}],"wp:term":[{"taxonomy":"category","embeddable":true,"href":"https:\/\/www.partidogen.org.ar\/web\/wp-json\/wp\/v2\/categories?post=1060"},{"taxonomy":"post_tag","embeddable":true,"href":"https:\/\/www.partidogen.org.ar\/web\/wp-json\/wp\/v2\/tags?post=1060"}],"curies":[{"name":"wp","href":"https:\/\/api.w.org\/{rel}","templated":true}]}}