{"id":10384,"date":"2020-05-28T16:47:57","date_gmt":"2020-05-28T19:47:57","guid":{"rendered":"https:\/\/www.partidogen.org.ar\/web\/?p=10384"},"modified":"2020-07-31T15:20:07","modified_gmt":"2020-07-31T18:20:07","slug":"stolbizer-sobre-la-reforma-judicial","status":"publish","type":"post","link":"https:\/\/www.partidogen.org.ar\/web\/stolbizer-sobre-la-reforma-judicial\/","title":{"rendered":"Stolbizer sobre la reforma judicial"},"content":{"rendered":"<p><strong><span class=\"first\">E<\/span>n el marco de las declaraciones del presidente Alberto Fern\u00e1ndez quien volvi\u00f3 a referirse a la situaci\u00f3n judicial de Cristina Fern\u00e1ndez de Kirchner y de ex funcionarios, y plante\u00f3 el deseo de reformar el Poder Judicial bajo la frase \u201cquiero una mejor justicia\u201d, Margarita Stolbizer declar\u00f3 que \u201ces raro sentir estos anticipos casi como una amenaza: \u2018Ojo, que estamos redactando la reforma\u2019, \u2018Ya se viene una profunda reforma de la justicia\u2019, \u2018Vamos a terminar con \u2026\u2019, entre otras expresiones que los medios vienen recogiendo. Poco podemos hablar de contenidos que no se conocen.<\/strong><\/p>\n<p><img loading=\"lazy\" decoding=\"async\" src=\"https:\/\/www.partidogen.org.ar\/web\/wp-content\/uploads\/2018\/07\/980.jpg\" alt=\"\" width=\"700\" height=\"391\" class=\"aligncenter size-full wp-image-8798\" srcset=\"https:\/\/www.partidogen.org.ar\/web\/wp-content\/uploads\/2018\/07\/980.jpg 700w, https:\/\/www.partidogen.org.ar\/web\/wp-content\/uploads\/2018\/07\/980-300x168.jpg 300w\" sizes=\"auto, (max-width: 700px) 100vw, 700px\" \/><\/p>\n<p>Desde el Partido GEN creemos que una reforma al sistema de administraci\u00f3n de justicia es tan necesaria como oportuna. Pero para alcanzar un buen resultado y no simplemente un traje a medida para quienes pretenden evadirla, se deber\u00eda contar con un buen diagn\u00f3stico. Es decir: tener claridad absoluta sobre cu\u00e1les son los problemas a abordar y solucionar, cu\u00e1les son los conflictos, las materias, los procedimientos, etc. <\/p>\n<p>Asimismo, respecto a las declaraciones del Presidente de la Naci\u00f3n, que expres\u00f3 que\u00a0hay que revisar muchas instituciones\u00a0y adelant\u00f3 que convoc\u00f3 a un \u201cConsejo Asesor\u00bb para que trabajen\u00a0\u201cen un remedio para la justicia\u201d, Stolbizer afirm\u00f3 que es imposible pensar, diagramar, redactar una reforma judicial que no sea el resultado de una mesa de trabajo amplia, equilibrada, con tiempos prudentes y composici\u00f3n diversa, con los jueces, fiscales, defensores, miembros del Consejo de la Magistratura, abogados, acad\u00e9micos y expertos, asociaciones, sin exclusi\u00f3n de todos aquellos que pudieran aportar para una mejor tarea. Tambi\u00e9n incorporar en el debate a destacadas personas del \u00e1rea de la ciencia y de la t\u00e9cnica y de la innovaci\u00f3n, que exista una digitalizaci\u00f3n plena, la creaci\u00f3n de una justicia ambiental.<\/p>\n<p>En el mismo sentido, no debemos avanzar salvando jueces de procesos en los que deber\u00edan ser investigados y sancionados. Tampoco con los intentos de injerencia que implican hasta las m\u00ednimas opiniones que sobre la justicia parten desde los otros poderes.<\/p>\n<p>Alguna vez pensemos que nuestras acciones u omisiones del presente impactar\u00e1n de lleno en aquellos que se har\u00e1n cargo de los tiempos por venir. Estamos obligados a dejar un mundo mejor, con menos desigualdad y m\u00e1s futuro.<\/p>\n","protected":false},"excerpt":{"rendered":"<p>En el marco de las declaraciones del presidente Alberto Fern\u00e1ndez quien volvi\u00f3 a referirse a la situaci\u00f3n judicial de Cristina Fern\u00e1ndez de Kirchner y de ex funcionarios, y plante\u00f3 el deseo de reformar el Poder Judicial bajo la frase \u201cquiero una mejor justicia\u201d, Margarita Stolbizer declar\u00f3 que \u201ces raro sentir estos anticipos casi como una amenaza: \u2018Ojo, que estamos redactando la reforma\u2019, \u2018Ya se viene una profunda reforma de la justicia\u2019, \u2018Vamos a terminar con \u2026\u2019, entre otras expresiones que los medios vienen recogiendo. Poco podemos hablar de contenidos que no se conocen.<\/p>\n","protected":false},"author":2,"featured_media":8798,"comment_status":"closed","ping_status":"closed","sticky":false,"template":"","format":"standard","meta":{"footnotes":""},"categories":[44,47],"tags":[312],"class_list":["post-10384","post","type-post","status-publish","format-standard","has-post-thumbnail","hentry","category-actualidad","category-margarita-stolbizer-diputados-nacionales","tag-reforma-poder-judicial"],"_links":{"self":[{"href":"https:\/\/www.partidogen.org.ar\/web\/wp-json\/wp\/v2\/posts\/10384","targetHints":{"allow":["GET"]}}],"collection":[{"href":"https:\/\/www.partidogen.org.ar\/web\/wp-json\/wp\/v2\/posts"}],"about":[{"href":"https:\/\/www.partidogen.org.ar\/web\/wp-json\/wp\/v2\/types\/post"}],"author":[{"embeddable":true,"href":"https:\/\/www.partidogen.org.ar\/web\/wp-json\/wp\/v2\/users\/2"}],"replies":[{"embeddable":true,"href":"https:\/\/www.partidogen.org.ar\/web\/wp-json\/wp\/v2\/comments?post=10384"}],"version-history":[{"count":1,"href":"https:\/\/www.partidogen.org.ar\/web\/wp-json\/wp\/v2\/posts\/10384\/revisions"}],"predecessor-version":[{"id":10385,"href":"https:\/\/www.partidogen.org.ar\/web\/wp-json\/wp\/v2\/posts\/10384\/revisions\/10385"}],"wp:featuredmedia":[{"embeddable":true,"href":"https:\/\/www.partidogen.org.ar\/web\/wp-json\/wp\/v2\/media\/8798"}],"wp:attachment":[{"href":"https:\/\/www.partidogen.org.ar\/web\/wp-json\/wp\/v2\/media?parent=10384"}],"wp:term":[{"taxonomy":"category","embeddable":true,"href":"https:\/\/www.partidogen.org.ar\/web\/wp-json\/wp\/v2\/categories?post=10384"},{"taxonomy":"post_tag","embeddable":true,"href":"https:\/\/www.partidogen.org.ar\/web\/wp-json\/wp\/v2\/tags?post=10384"}],"curies":[{"name":"wp","href":"https:\/\/api.w.org\/{rel}","templated":true}]}}