{"id":10362,"date":"2020-04-13T14:28:24","date_gmt":"2020-04-13T17:28:24","guid":{"rendered":"https:\/\/www.partidogen.org.ar\/web\/?p=10362"},"modified":"2020-06-29T12:21:08","modified_gmt":"2020-06-29T15:21:08","slug":"argentina-y-el-mundo-frente-a-la-pandemia","status":"publish","type":"post","link":"https:\/\/www.partidogen.org.ar\/web\/argentina-y-el-mundo-frente-a-la-pandemia\/","title":{"rendered":"ARGENTINA Y EL MUNDO FRENTE A LA PANDEMIA"},"content":{"rendered":"<p style=\"text-align: right;\">Buenos Aires, abril de 2020.<\/p>\n<p><strong><span class=\"first\">A<\/span>rgentina est\u00e1 viviendo, al igual que gran parte del mundo, los graves efectos de la pandemia originada por el virus Covid-19, que impacta de lleno en la salud de la poblaci\u00f3n y en el sistema sanitario, pero que adem\u00e1s tendr\u00e1 consecuencias muy severas de \u00edndole econ\u00f3mico y social, afectando a las personas, comunidades y en general a las posibilidades de desarrollo de los pueblos.<\/strong><\/p>\n<p><img loading=\"lazy\" decoding=\"async\" src=\"https:\/\/www.partidogen.org.ar\/web\/wp-content\/uploads\/2020\/04\/CovidPGEN_Mesa-de-trabajo-1-1.jpg\" alt=\"\" width=\"700\" height=\"700\" class=\"aligncenter size-full wp-image-10367\" srcset=\"https:\/\/www.partidogen.org.ar\/web\/wp-content\/uploads\/2020\/04\/CovidPGEN_Mesa-de-trabajo-1-1.jpg 700w, https:\/\/www.partidogen.org.ar\/web\/wp-content\/uploads\/2020\/04\/CovidPGEN_Mesa-de-trabajo-1-1-150x150.jpg 150w, https:\/\/www.partidogen.org.ar\/web\/wp-content\/uploads\/2020\/04\/CovidPGEN_Mesa-de-trabajo-1-1-300x300.jpg 300w\" sizes=\"auto, (max-width: 700px) 100vw, 700px\" \/><\/p>\n<p>En ese marco, adherimos a la Declaraci\u00f3n de la Alianza Progresista para luchar contra las consecuencias del Covid-19. Los desaf\u00edos sin fronteras requieren una solidaridad sin fronteras.<\/p>\n<p>La situaci\u00f3n se torna a\u00fan m\u00e1s dram\u00e1tica por cuanto se ignoran las causas del fen\u00f3meno, tanto como la secuencia que podr\u00e1 tener esta pandemia tanto a nivel global como regional y local, los costos humanos y econ\u00f3micos finales y su desenlace. La incertidumbre genera procesos de depresi\u00f3n, ansiedad, angustia y sufrimiento que tambi\u00e9n deben ser considerados.<\/p>\n<p>Las medidas de aislamiento social preventivo y obligatorio han resultado oportunas para mitigar en los primeros tiempos una mayor propagaci\u00f3n del virus. Entendemos correcta la prolongaci\u00f3n de ellas, as\u00ed como la necesidad de planificar una salida escalonada para que, sin afectar la salud individual o colectiva, busque aminorar las tremendas complicaciones que ya se ven por la par\u00e1lisis de la econom\u00eda y el empleo, sobre todo en sectores aut\u00f3nomos e informales.<\/p>\n<p>No hay duda, que frente a estas situaciones debemos revalorar dos cuestiones: a) el papel del estado: hoy m\u00e1s que nunca se advierte la importancia del gasto p\u00fablico sobre todo en la salud y la seguridad social, as\u00ed como en lo que hace a la conducci\u00f3n del proceso y la toma de decisiones. b) la solidaridad y responsabilidad colectiva: que implica el cuidado propio y de los dem\u00e1s y la activaci\u00f3n de mecanismos eficaces para destinar los mayores esfuerzos de los sectores que se encuentran en mejores situaciones hacia los que se encuentran en posiciones m\u00e1s vulnerables.<\/p>\n<p>En el medio de ambas cuestiones es necesario resaltar que la emergencia no suspende garant\u00edas individuales ni la obligaci\u00f3n de transparencia en el manejo de los recursos p\u00fablicos. Al contrario, deben extremarse los cuidados, medidas y acciones para que todas las personas puedan contar con la mayor tranquilidad en el ejercicio de sus derechos individuales. Y el gobierno no puede soslayar de ninguna manera la implementaci\u00f3n de buenas pr\u00e1cticas y controles exhaustivos en la ejecuci\u00f3n de las partidas presupuestarias.<\/p>\n<p>Frente a las compras de alimentos con sobreprecios se impone una severa investigaci\u00f3n y la determinaci\u00f3n de responsabilidades penales a quienes corresponda. Es imposible mirar para otro lado como si nada hubiera ocurrido. La corrupci\u00f3n es siempre condenable, pero es imprescindible que no quede impune el aprovechamiento de esta extrema situaci\u00f3n de emergencia.<\/p>\n<p>La participaci\u00f3n ciudadana, el funcionamiento de una institucionalidad confiable para sostener el di\u00e1logo entre todos los sectores pol\u00edticos, socioecon\u00f3micos, intelectuales, tanto frente a las actuales urgencias como en el retorno a la estabilidad, resultan esenciales para trasportar en el tiempo las ense\u00f1anzas que esta situaci\u00f3n nos est\u00e1 brindando.<\/p>\n<p>Del mismo modo en que se ha conformado un Comit\u00e9 Cient\u00edfico que asesora al Presidente en materia sanitaria, deber\u00eda crearse, con car\u00e1cter de urgente, un \u00e1mbito similar para abordar las cuestiones econ\u00f3micas, productivas, laborales, con personas de reconocida trayectoria t\u00e9cnica, a fin de establecer las medidas y la planificaci\u00f3n necesaria para cada etapa.<\/p>\n<p>No parece razonable la pretensi\u00f3n de celebrar los bajos n\u00fameros que ofrece hoy el desarrollo de la pandemia en nuestro territorio comparado con otros. No hemos llegado al punto en el que s\u00ed se encuentran otros pa\u00edses, pero tampoco tenemos resultados ciertos y suficientes por cuanto no se han realizado testeos masivos y se trata de una pr\u00e1ctica necesaria y de ejecuci\u00f3n demasiado demorada.<\/p>\n<p>Argentina viene sufriendo una pobreza estructural del 35% y m\u00e1s de ese porcentaje engrosa las estad\u00edsticas del trabajo informal, con 8 a\u00f1os de recesi\u00f3n que viene golpeando a las pymes y su capacidad de asegurar fuentes de empleo, sumado al tremendo endeudamiento del pa\u00eds. Estas cuestiones, como el problema de la inflaci\u00f3n y otros, no deber\u00edan quedar tapados por la pandemia ni descuidar los esfuerzos para encontrar soluciones urgentes.<\/p>\n<p>El sufrimiento econ\u00f3mico va a ser grande. Tenemos que estar preparados, y mirar con atenci\u00f3n hacia aquellos con mayores dificultades. No ser\u00e1 igual para quienes tengan un sueldo asegurado que los cuentapropistas. No va a ser igual para grandes empresas con espalda que para la pyme. No es lo mismo para quienes tienen techo y comida que para los privados de esos derechos fundamentales. Hay que pensar en los m\u00e1s pobres, pero tambi\u00e9n en quienes pasar\u00e1n a esa franja como consecuencia de la pandemia. De manera particular, habr\u00e1 que atender con subsidios a quienes producen, al que tiene un peque\u00f1o comercio o una de las tantas prestaciones de servicios de las que han quedado paralizadas. No sirven los cr\u00e9ditos que se ofrecen y cuyas tasas siguen estando en niveles intolerables y marcados a\u00fan por la especulaci\u00f3n en la emergencia.<\/p>\n<p>La salida del aislamiento deber\u00e1 ser escalonada, permitiendo a los distintos sectores sociales, econ\u00f3micos y productivos, acceder a su vuelta al trabajo, sin poner en riesgo la salud.<\/p>\n<p>Hay que terminar con la cultura de individualismo, la salvaci\u00f3n individual o echando la culpa a otros. Hay que asumir con responsabilidad comunitaria las obligaciones del presente y tambi\u00e9n el mediano y largo plazo, con un sentido trascedente y cooperativo. El p\u00e1nico no puede ganarle a la vida, ni la sensaci\u00f3n de un enemigo invisible.<\/p>\n<p>Hoy m\u00e1s que nunca se impone la urgencia de la ejemplaridad desde todos los liderazgos, para reconstruir una cultura de cooperaci\u00f3n y confianza por la que podremos salir adelante y reforzar los valores \u00e9ticos de la convivencia.<\/p>\n<p><strong>Por todo lo expuesto, y a m\u00e9rito de la situaci\u00f3n conocida, el Partido GEN declara:<\/strong><\/p>\n<p>1.Apoyamos las medidas tomadas por el Gobierno Nacional y los gobiernos locales frente a la pandemia, debi\u00e9ndose disponer con premura la realizaci\u00f3n de testeos masivos que puedan mejorar nuestro diagn\u00f3stico y la atenci\u00f3n temprana de los infectados; y solicitamos la urgente reglamentaci\u00f3n e implementaci\u00f3n del Decreto N\u00b0 332\/2020 del PEN, Programa de Emergencia y Asistencia al Trabajo y la Producci\u00f3n.<\/p>\n<p>2.Sugerimos constituir un Comit\u00e9 de crisis con personas reconocidas y grupos universitarios, para asesorar al Presidente de la Naci\u00f3n en el abordaje de la emergencia econ\u00f3micosocial, productiva y del empleo, y las futuras etapas de salida del aislamiento preventivo obligatorio.<\/p>\n<p>3.Demandamos la puesta en marcha de un plan espec\u00edfico frente a la crisis para paliar la situaci\u00f3n de los sectores econ\u00f3micos y productivos dentro de los que se encuentran las pymes, monotributistas y aut\u00f3nomos. As\u00ed como instamos al gobierno a agilizar la puesta en marcha de una agenda econ\u00f3mica que atienda la problem\u00e1tica de la inflaci\u00f3n y la deuda, trabajando a nivel global para demandar las contribuciones necesarias de los organismos internacionales de cr\u00e9dito y una mayor cooperaci\u00f3n de las naciones desarrolladas.<\/p>\n<p>4.Reclamamos dejar sin efecto cualquier pol\u00edtica dirigida al control social que pueda ser restrictiva de la libertad de expresi\u00f3n o que de cualquier manera pueda conculcar derechos fundamentales de las personas. Y a asegurar el funcionamiento pleno del sistema de justicia, evitando decisiones que puedan mostrar la existencia de privilegios o fueros de personas o sectores, afectando la igualdad ante la ley.<\/p>\n<p>5.Exigimos al gobierno en todos sus niveles, llevar adelante una gesti\u00f3n efectiva, oportuna y acorde a las necesidades del momento, dejando de lado especulaciones pol\u00edticas y conflictividades internas, y asegurando siempre la transparencia y buena inversi\u00f3n de los recursos p\u00fablicos. A esos fines, se ve conveniente la conformaci\u00f3n de \u00e1mbitos de participaci\u00f3n y control ciudadano, procedimientos que aseguren la eficacia y transparencia de la inversi\u00f3n, y la rendici\u00f3n de cuentas y una profunda investigaci\u00f3n sobre las compras de alimentos con sobreprecios.<\/p>\n<p>6.Instamos a cumplir con responsabilidad todas las medidas de distanciamiento social preventivo, y las que de manera particular deban cumplirse respecto de las personas afectadas y vulnerables. Y apoyamos la promoci\u00f3n de una cultura de cooperaci\u00f3n, solidaridad y atenci\u00f3n de los m\u00e1s necesitados con el apoyo de los grupos m\u00e1s favorecidos.<\/p>\n<p>7.Manifestamos nuestro acompa\u00f1amiento a las v\u00edctimas y familias de personas afectadas por el coronavirus y nuestra solidaridad y gratitud con todas aquellas que realizan tareas indispensables para el bien de la comunidad, como todo el personal del sistema de salud, bomberos, fuerzas de seguridad, transporte, comercio, servicios y producci\u00f3n de insumos y alimentos, entre otras.<\/p>\n<p>Tenemos dos grandes tareas: enfrentar la urgencia y pensar el futuro. No puede haber antinomia entre salud y econom\u00eda. Hay que preservar la salud, hay que recuperar las escuelas, las f\u00e1bricas y el comercio. En conjunto, trabajar para superar la pobreza y la marginaci\u00f3n social, el atraso y la decadencia. Salir de la coyuntura y la emergencia hacia una sociedad m\u00e1s justa, m\u00e1s de iguales, desterrando privilegios, asegurando derechos, superando confrontaciones in\u00fatiles y fortaleciendo la democracia.<\/p>\n<p>&nbsp;<\/p>\n<p style=\"text-align: center;\">Presidenta, Margarita Stolbizer<br \/>\nSecretario General, Sergio Abrevaya<\/p>\n<p><img loading=\"lazy\" decoding=\"async\" class=\"aligncenter size-full wp-image-7827\" src=\"https:\/\/www.partidogen.org.ar\/web\/wp-content\/uploads\/2018\/04\/logoGEN2018_web.png\" alt=\"\" width=\"158\" height=\"30\" \/><\/p>\n","protected":false},"excerpt":{"rendered":"<p>Argentina est\u00e1 viviendo, al igual que gran parte del mundo, los graves efectos de la pandemia originada por el virus Covid-19, que impacta de lleno en la salud de la poblaci\u00f3n y en el sistema sanitario, pero que adem\u00e1s tendr\u00e1 consecuencias muy severas de \u00edndole econ\u00f3mico y social, afectando a las personas, comunidades y en general a las posibilidades de desarrollo de los pueblos.<\/p>\n","protected":false},"author":2,"featured_media":10367,"comment_status":"closed","ping_status":"closed","sticky":false,"template":"","format":"standard","meta":{"footnotes":""},"categories":[44,305],"tags":[308,306,307],"class_list":["post-10362","post","type-post","status-publish","format-standard","has-post-thumbnail","hentry","category-actualidad","category-covid-19","tag-coronavirus","tag-covid-19","tag-cuarentena"],"_links":{"self":[{"href":"https:\/\/www.partidogen.org.ar\/web\/wp-json\/wp\/v2\/posts\/10362","targetHints":{"allow":["GET"]}}],"collection":[{"href":"https:\/\/www.partidogen.org.ar\/web\/wp-json\/wp\/v2\/posts"}],"about":[{"href":"https:\/\/www.partidogen.org.ar\/web\/wp-json\/wp\/v2\/types\/post"}],"author":[{"embeddable":true,"href":"https:\/\/www.partidogen.org.ar\/web\/wp-json\/wp\/v2\/users\/2"}],"replies":[{"embeddable":true,"href":"https:\/\/www.partidogen.org.ar\/web\/wp-json\/wp\/v2\/comments?post=10362"}],"version-history":[{"count":4,"href":"https:\/\/www.partidogen.org.ar\/web\/wp-json\/wp\/v2\/posts\/10362\/revisions"}],"predecessor-version":[{"id":10368,"href":"https:\/\/www.partidogen.org.ar\/web\/wp-json\/wp\/v2\/posts\/10362\/revisions\/10368"}],"wp:featuredmedia":[{"embeddable":true,"href":"https:\/\/www.partidogen.org.ar\/web\/wp-json\/wp\/v2\/media\/10367"}],"wp:attachment":[{"href":"https:\/\/www.partidogen.org.ar\/web\/wp-json\/wp\/v2\/media?parent=10362"}],"wp:term":[{"taxonomy":"category","embeddable":true,"href":"https:\/\/www.partidogen.org.ar\/web\/wp-json\/wp\/v2\/categories?post=10362"},{"taxonomy":"post_tag","embeddable":true,"href":"https:\/\/www.partidogen.org.ar\/web\/wp-json\/wp\/v2\/tags?post=10362"}],"curies":[{"name":"wp","href":"https:\/\/api.w.org\/{rel}","templated":true}]}}