{"id":10336,"date":"2020-02-28T18:25:17","date_gmt":"2020-02-28T21:25:17","guid":{"rendered":"https:\/\/www.partidogen.org.ar\/web\/?p=10336"},"modified":"2020-06-11T16:04:08","modified_gmt":"2020-06-11T19:04:08","slug":"referentes-del-partido-gen-se-reunieron-con-eugenio-semino","status":"publish","type":"post","link":"https:\/\/www.partidogen.org.ar\/web\/referentes-del-partido-gen-se-reunieron-con-eugenio-semino\/","title":{"rendered":"Referentes del Partido GEN se reunieron con Eugenio Semino"},"content":{"rendered":"<p>JUBILADOS.<br \/>\n<strong><span class=\"first\">P<\/span>reocupados por el recorte en los haberes sufrido por los jubilados, Margarita Stolbizer, Sergio Abrevaya y otros referentes del Partido GEN se reunieron con Eugenio Semino, quien est\u00e1 al frente de la demanda colectiva para detener la aplicaci\u00f3n del decreto 163\/2020, para brindarle su apoyo. Con el aumento por decreto, los jubilados y pensionados que cobran el haber m\u00ednimo se ver\u00e1n beneficiados por un incremento cercano al 13%. Sin embargo, los que cobran haberes por encima de los $18.000 ver\u00e1n recortados sus ingresos.<\/strong><\/p>\n<p><img loading=\"lazy\" decoding=\"async\" src=\"https:\/\/www.partidogen.org.ar\/web\/wp-content\/uploads\/2020\/02\/2019-042.jpg\" alt=\"\" width=\"700\" height=\"321\" class=\"aligncenter size-full wp-image-10337\" srcset=\"https:\/\/www.partidogen.org.ar\/web\/wp-content\/uploads\/2020\/02\/2019-042.jpg 700w, https:\/\/www.partidogen.org.ar\/web\/wp-content\/uploads\/2020\/02\/2019-042-300x138.jpg 300w\" sizes=\"auto, (max-width: 700px) 100vw, 700px\" \/><\/p>\n<p>Durante el encuentro, Semino explic\u00f3: \u00abCuando iban a anunciar la movilidad, a nadie parec\u00eda importarle. Durante el 2018 y 2019, seg\u00fan cifras oficiales el adulto mayor perdi\u00f3 un 19.5%, aunque nuestra medici\u00f3n indica un 24%. El a\u00f1o pasado, la canasta era de $37.800 cuando hab\u00eda m\u00ednimas de $10.000. Hoy las m\u00ednimas (entre 14 y 18 mil) son percibidas por cerca de 4 millones de jubilados sobre 6 millones\u00bb. Adem\u00e1s, el letrado agreg\u00f3: \u00abLa quita en los haberes superiores a $ 18.000 redunda en falta de equidad y justicia. Ahora empez\u00f3 a profundizarse la reforma que comenz\u00f3 en diciembre de 2017 y que qued\u00f3 solapada bajo la aplicaci\u00f3n de la f\u00f3rmula. Todo esto atenta contra lo establecido por la Convenci\u00f3n Internacional de los Derechos del Adulto Mayor que prev\u00e9 la no regresividad de los derechos del adulto mayor. Cuando se hizo el anuncio, hab\u00eda una enorme confusi\u00f3n. El da\u00f1o que se hace al adulto mayor ante la incertidumbre es inmenso\u00bb.<\/p>\n<p>Por su parte, Margarita Stolbizer expres\u00f3: \u201cA\u00f1o tras a\u00f1o y gobierno tras gobierno,  los que pierden siempre son los mismos. Los jubilados y la clase media siempre a la cabeza de los que pagan los ajustes. Acompa\u00f1amos a Eugenio Semino en la demanda contra la inconstitucionalidad de la reforma que deja sin efecto la movilidad jubilatoria. Y que no quieran tapar esa realidad con la reforma de los reg\u00edmenes especiales (que  que no est\u00e1 mal) pero que en el marco de la anterior solo es jugadita para la tribuna\u201d.<\/p>\n<p>En el mismo sentido, Sergio Abrevaya manifest\u00f3: El costo de vida est\u00e1 cerca de $40.000; a esas personas les lleg\u00f3 el ajuste y eso es falta de equidad y justicia\u201d.<\/p>\n","protected":false},"excerpt":{"rendered":"<p>JUBILADOS. Preocupados por el recorte en los haberes sufrido por los jubilados, Margarita Stolbizer, Sergio Abrevaya y otros referentes del Partido GEN se reunieron con Eugenio Semino, quien est\u00e1 al frente de la demanda colectiva para detener la aplicaci\u00f3n del decreto 163\/2020, para brindarle su apoyo. <\/p>\n","protected":false},"author":2,"featured_media":10337,"comment_status":"closed","ping_status":"closed","sticky":false,"template":"","format":"standard","meta":{"footnotes":""},"categories":[44,303],"tags":[304],"class_list":["post-10336","post","type-post","status-publish","format-standard","has-post-thumbnail","hentry","category-actualidad","category-jubilados","tag-jubilados"],"_links":{"self":[{"href":"https:\/\/www.partidogen.org.ar\/web\/wp-json\/wp\/v2\/posts\/10336","targetHints":{"allow":["GET"]}}],"collection":[{"href":"https:\/\/www.partidogen.org.ar\/web\/wp-json\/wp\/v2\/posts"}],"about":[{"href":"https:\/\/www.partidogen.org.ar\/web\/wp-json\/wp\/v2\/types\/post"}],"author":[{"embeddable":true,"href":"https:\/\/www.partidogen.org.ar\/web\/wp-json\/wp\/v2\/users\/2"}],"replies":[{"embeddable":true,"href":"https:\/\/www.partidogen.org.ar\/web\/wp-json\/wp\/v2\/comments?post=10336"}],"version-history":[{"count":2,"href":"https:\/\/www.partidogen.org.ar\/web\/wp-json\/wp\/v2\/posts\/10336\/revisions"}],"predecessor-version":[{"id":10339,"href":"https:\/\/www.partidogen.org.ar\/web\/wp-json\/wp\/v2\/posts\/10336\/revisions\/10339"}],"wp:featuredmedia":[{"embeddable":true,"href":"https:\/\/www.partidogen.org.ar\/web\/wp-json\/wp\/v2\/media\/10337"}],"wp:attachment":[{"href":"https:\/\/www.partidogen.org.ar\/web\/wp-json\/wp\/v2\/media?parent=10336"}],"wp:term":[{"taxonomy":"category","embeddable":true,"href":"https:\/\/www.partidogen.org.ar\/web\/wp-json\/wp\/v2\/categories?post=10336"},{"taxonomy":"post_tag","embeddable":true,"href":"https:\/\/www.partidogen.org.ar\/web\/wp-json\/wp\/v2\/tags?post=10336"}],"curies":[{"name":"wp","href":"https:\/\/api.w.org\/{rel}","templated":true}]}}