{"id":10292,"date":"2019-12-20T15:16:54","date_gmt":"2019-12-20T18:16:54","guid":{"rendered":"https:\/\/www.partidogen.org.ar\/web\/?p=10292"},"modified":"2020-04-13T15:08:39","modified_gmt":"2020-04-13T18:08:39","slug":"argentina-estado-etica-y-sociedad","status":"publish","type":"post","link":"https:\/\/www.partidogen.org.ar\/web\/argentina-estado-etica-y-sociedad\/","title":{"rendered":"Argentina: Estado, \u00c9tica y Sociedad"},"content":{"rendered":"<p>Ciclo UCES 2019.<br \/>\n\u00abBusco &#8216;pincharte&#8217; en la necesidad de nuevos liderazgos para esa gente que est\u00e1 en la b\u00fasqueda de alguien en qui\u00e9n creer\u00bb, Stolbizer.<\/p>\n<p><img loading=\"lazy\" decoding=\"async\" src=\"https:\/\/www.partidogen.org.ar\/web\/wp-content\/uploads\/2019\/12\/2019-040.jpg\" alt=\"\" width=\"700\" height=\"498\" class=\"aligncenter size-full wp-image-10293\" srcset=\"https:\/\/www.partidogen.org.ar\/web\/wp-content\/uploads\/2019\/12\/2019-040.jpg 700w, https:\/\/www.partidogen.org.ar\/web\/wp-content\/uploads\/2019\/12\/2019-040-300x213.jpg 300w\" sizes=\"auto, (max-width: 700px) 100vw, 700px\" \/><\/p>\n<p><strong><span class=\"first\">E<\/span>n tiempos en que en nuestro pa\u00eds se est\u00e1 discutiendo una econom\u00eda de emparche, Facundo Manes y Margarita Stolbizer mantuvieron una interesante charla acerca de la Argentina que necesitamos y c\u00f3mo construir un proyecto pol\u00edtico para nuestro pa\u00eds.<\/strong><\/p>\n<p>Durante el encuentro, Manes manifest\u00f3 la necesidad de generar un modelo de conocimiento diferente: \u00abArgentina aspira a cierto bienestar, pero no generamos la riqueza para 45 millones de personas. Si no cambiamos el paradigma estamos condenados al fracaso de las administraciones. Nos mentimos, creemos que somos ricos pero el pa\u00eds est\u00e1 en el ranking 47 en riqueza. La Argentina nunca hizo lo que ten\u00eda que hacer para desarrollarse, que es invertir lo suficiente y estrat\u00e9gicamente en ciencia y tecnolog\u00eda, en investigaci\u00f3n y desarrollo, y vincularlo a la industria, esa es la verdadera inversi\u00f3n\u00bb.<\/p>\n<p><img loading=\"lazy\" decoding=\"async\" src=\"https:\/\/www.partidogen.org.ar\/web\/wp-content\/uploads\/2019\/12\/UCES-Stolbizer-Manes-3.jpg\" alt=\"\" width=\"1200\" height=\"885\" class=\"aligncenter size-full wp-image-10295\" srcset=\"https:\/\/www.partidogen.org.ar\/web\/wp-content\/uploads\/2019\/12\/UCES-Stolbizer-Manes-3.jpg 1200w, https:\/\/www.partidogen.org.ar\/web\/wp-content\/uploads\/2019\/12\/UCES-Stolbizer-Manes-3-300x221.jpg 300w, https:\/\/www.partidogen.org.ar\/web\/wp-content\/uploads\/2019\/12\/UCES-Stolbizer-Manes-3-768x566.jpg 768w, https:\/\/www.partidogen.org.ar\/web\/wp-content\/uploads\/2019\/12\/UCES-Stolbizer-Manes-3-1024x755.jpg 1024w\" sizes=\"auto, (max-width: 1200px) 100vw, 1200px\" \/><\/p>\n<p>El neurocient\u00edfico tambi\u00e9n se expres\u00f3 acerca de la grieta: \u00abTenemos que pensar un proyecto de pa\u00eds que supere la grieta  y esto se hace entre todos, con empat\u00eda, con un proyecto colectivo. En 1983 todos tuvimos el proyecto de vivir en democracia y luego las cosas sucedieron: se normalizaron la justicia, el f\u00fatbol, la universidad&#8230; Uno debe ir por un sue\u00f1o y despu\u00e9s todo se acomoda.  \u00bfCu\u00e1l debe ser el sue\u00f1o de Argentina? Entender que lo que importa es el valor agregado, no podemos dar bienestar a 45 millones con la econom\u00eda que tenemos. Si nos ponemos de acuerdo, m\u00e1s all\u00e1 de los partidos pol\u00edticos, en que tenemos que ser el doble de ricos para dar bienestar a 45 millones despu\u00e9s vamos a tener justicia, educaci\u00f3n y salud. Nunca en la historia argentina se invirti\u00f3 en investigaci\u00f3n y desarrollo como para dar vuelta el PBI. Corea del Sur e Israel invierten 4% en desarrollo, Argentina s\u00f3lo 0.5%. Argentina no puede darle de comer a 45 millones con una econom\u00eda primarista, s\u00f3lo exportando, no es el campo el que va a hacer la diferencia. Hay que volver a esa Argentina donde ser honesto, trabajar duro, estudiar y pensar en la comunidad, era sin\u00f3nimo de movilidad social\u00bb.<\/p>\n<p><img loading=\"lazy\" decoding=\"async\" src=\"https:\/\/www.partidogen.org.ar\/web\/wp-content\/uploads\/2019\/12\/UCES-Stolbizer-Manes-4.jpg\" alt=\"\" width=\"1200\" height=\"800\" class=\"aligncenter size-full wp-image-10294\" srcset=\"https:\/\/www.partidogen.org.ar\/web\/wp-content\/uploads\/2019\/12\/UCES-Stolbizer-Manes-4.jpg 1200w, https:\/\/www.partidogen.org.ar\/web\/wp-content\/uploads\/2019\/12\/UCES-Stolbizer-Manes-4-300x200.jpg 300w, https:\/\/www.partidogen.org.ar\/web\/wp-content\/uploads\/2019\/12\/UCES-Stolbizer-Manes-4-768x512.jpg 768w, https:\/\/www.partidogen.org.ar\/web\/wp-content\/uploads\/2019\/12\/UCES-Stolbizer-Manes-4-1024x683.jpg 1024w\" sizes=\"auto, (max-width: 1200px) 100vw, 1200px\" \/><\/p>\n<p>Por su parte, Margarita Stolbizer asever\u00f3 que \u00abhay una crisis muy fuerte vinculada con el sistema de representaci\u00f3n, con una p\u00e9rdida de credibilidad muy grande. La crisis moral a veces queda atrapada en el moralismo y no en la falta de igualdad, hay gente que pelea por la supervivencia diaria cuando nosotros pensamos en la supervivencia generacional. La prioridad es el acceso a los recursos, la diferencia entre los que acceden y los que no. Creo que las derechas generan violencia y la socialdemocracia tiene que estar vinculada a subsanar la desigualdad\u00bb.  En este sentido, la l\u00edder del GEN invit\u00f3 a Manes a integrarse a la pol\u00edtica: \u00abBusco &#8216;pincharte&#8217; en la necesidad de nuevos liderazgos para esa gente que est\u00e1 en la b\u00fasqueda de alguien en qui\u00e9n creer\u00bb.<\/p>\n<p>Ver charla completa.<br \/>\n<iframe loading=\"lazy\" width=\"560\" height=\"315\" src=\"https:\/\/www.youtube.com\/embed\/SHv2yHQA8vI\" frameborder=\"0\" allow=\"accelerometer; autoplay; encrypted-media; gyroscope; picture-in-picture\" allowfullscreen><\/iframe><\/p>\n","protected":false},"excerpt":{"rendered":"<p>En tiempos en que en nuestro pa\u00eds se est\u00e1 discutiendo una econom\u00eda de emparche, Facundo Manes y Margarita Stolbizer mantuvieron una interesante charla acerca de la Argentina que necesitamos y c\u00f3mo construir un proyecto pol\u00edtico para nuestro pa\u00eds.<\/p>\n","protected":false},"author":2,"featured_media":10293,"comment_status":"closed","ping_status":"closed","sticky":false,"template":"","format":"standard","meta":{"footnotes":""},"categories":[44,281],"tags":[301,298,196],"class_list":["post-10292","post","type-post","status-publish","format-standard","has-post-thumbnail","hentry","category-actualidad","category-ciclo-uses","tag-ciclo-uces","tag-facundo-manes","tag-margarita-stolbizer"],"_links":{"self":[{"href":"https:\/\/www.partidogen.org.ar\/web\/wp-json\/wp\/v2\/posts\/10292","targetHints":{"allow":["GET"]}}],"collection":[{"href":"https:\/\/www.partidogen.org.ar\/web\/wp-json\/wp\/v2\/posts"}],"about":[{"href":"https:\/\/www.partidogen.org.ar\/web\/wp-json\/wp\/v2\/types\/post"}],"author":[{"embeddable":true,"href":"https:\/\/www.partidogen.org.ar\/web\/wp-json\/wp\/v2\/users\/2"}],"replies":[{"embeddable":true,"href":"https:\/\/www.partidogen.org.ar\/web\/wp-json\/wp\/v2\/comments?post=10292"}],"version-history":[{"count":5,"href":"https:\/\/www.partidogen.org.ar\/web\/wp-json\/wp\/v2\/posts\/10292\/revisions"}],"predecessor-version":[{"id":10300,"href":"https:\/\/www.partidogen.org.ar\/web\/wp-json\/wp\/v2\/posts\/10292\/revisions\/10300"}],"wp:featuredmedia":[{"embeddable":true,"href":"https:\/\/www.partidogen.org.ar\/web\/wp-json\/wp\/v2\/media\/10293"}],"wp:attachment":[{"href":"https:\/\/www.partidogen.org.ar\/web\/wp-json\/wp\/v2\/media?parent=10292"}],"wp:term":[{"taxonomy":"category","embeddable":true,"href":"https:\/\/www.partidogen.org.ar\/web\/wp-json\/wp\/v2\/categories?post=10292"},{"taxonomy":"post_tag","embeddable":true,"href":"https:\/\/www.partidogen.org.ar\/web\/wp-json\/wp\/v2\/tags?post=10292"}],"curies":[{"name":"wp","href":"https:\/\/api.w.org\/{rel}","templated":true}]}}