{"id":10173,"date":"2019-08-28T22:17:20","date_gmt":"2019-08-29T01:17:20","guid":{"rendered":"https:\/\/www.partidogen.org.ar\/web\/?p=10173"},"modified":"2019-08-28T22:19:29","modified_gmt":"2019-08-29T01:19:29","slug":"desde-la-paridad-formal-hacia-la-paridad-sustantiva-erradicando-la-violencia-politica-hacia-las-mujeres","status":"publish","type":"post","link":"https:\/\/www.partidogen.org.ar\/web\/desde-la-paridad-formal-hacia-la-paridad-sustantiva-erradicando-la-violencia-politica-hacia-las-mujeres\/","title":{"rendered":"\u00abDesde la paridad formal hacia la paridad sustantiva: erradicando la violencia pol\u00edtica hacia las mujeres\u00bb"},"content":{"rendered":"<p><strong><span class=\"first\">D<\/span>esde la Red Federal para la Equidad de G\u00e9nero y el Desarrollo Humano, lxs invitamos a participar de la actividad \u00abDesde la paridad formal hacia la paridad sustantiva: erradicando la violencia pol\u00edtica hacia las mujeres\u00bb a cargo de Luc\u00eda Martelotte (soci\u00f3loga &#8211; \u00c1rea de Pol\u00edticas de ELA) y Mar\u00eda In\u00e9s Tula (polit\u00f3loga &#8211; investigadora del Conicet y miembro de Cippec y Ojo Paritario). <\/strong><\/p>\n<p><img loading=\"lazy\" decoding=\"async\" src=\"https:\/\/www.partidogen.org.ar\/web\/wp-content\/uploads\/2019\/08\/ActividadREDFEDERAL31082019.jpg\" alt=\"\" width=\"700\" height=\"701\" class=\"aligncenter size-full wp-image-10174\" srcset=\"https:\/\/www.partidogen.org.ar\/web\/wp-content\/uploads\/2019\/08\/ActividadREDFEDERAL31082019.jpg 700w, https:\/\/www.partidogen.org.ar\/web\/wp-content\/uploads\/2019\/08\/ActividadREDFEDERAL31082019-150x150.jpg 150w, https:\/\/www.partidogen.org.ar\/web\/wp-content\/uploads\/2019\/08\/ActividadREDFEDERAL31082019-300x300.jpg 300w\" sizes=\"auto, (max-width: 700px) 100vw, 700px\" \/><\/p>\n<p>Lxs esperamos el s\u00e1bado 31\/8 a las 10 hs. en las oficinas del IGEN -Per\u00f3n 1509 piso 8, CABA-.<\/p>\n<p>\u00a1Quedan todxs invitadxs!<\/p>\n","protected":false},"excerpt":{"rendered":"<p>Desde la Red Federal para la Equidad de G\u00e9nero y el Desarrollo Humano, lxs invitamos a participar de la actividad \u00abDesde la paridad formal hacia la paridad sustantiva: erradicando la violencia pol\u00edtica hacia las mujeres\u00bb a cargo de Luc\u00eda Martelotte (soci\u00f3loga &#8211; \u00c1rea de Pol\u00edticas de ELA) y Mar\u00eda In\u00e9s Tula (polit\u00f3loga &#8211; investigadora del [&hellip;]<\/p>\n","protected":false},"author":2,"featured_media":10174,"comment_status":"closed","ping_status":"closed","sticky":false,"template":"","format":"standard","meta":{"footnotes":""},"categories":[191],"tags":[],"class_list":["post-10173","post","type-post","status-publish","format-standard","has-post-thumbnail","hentry","category-red-federal-partido-gen"],"_links":{"self":[{"href":"https:\/\/www.partidogen.org.ar\/web\/wp-json\/wp\/v2\/posts\/10173","targetHints":{"allow":["GET"]}}],"collection":[{"href":"https:\/\/www.partidogen.org.ar\/web\/wp-json\/wp\/v2\/posts"}],"about":[{"href":"https:\/\/www.partidogen.org.ar\/web\/wp-json\/wp\/v2\/types\/post"}],"author":[{"embeddable":true,"href":"https:\/\/www.partidogen.org.ar\/web\/wp-json\/wp\/v2\/users\/2"}],"replies":[{"embeddable":true,"href":"https:\/\/www.partidogen.org.ar\/web\/wp-json\/wp\/v2\/comments?post=10173"}],"version-history":[{"count":1,"href":"https:\/\/www.partidogen.org.ar\/web\/wp-json\/wp\/v2\/posts\/10173\/revisions"}],"predecessor-version":[{"id":10175,"href":"https:\/\/www.partidogen.org.ar\/web\/wp-json\/wp\/v2\/posts\/10173\/revisions\/10175"}],"wp:featuredmedia":[{"embeddable":true,"href":"https:\/\/www.partidogen.org.ar\/web\/wp-json\/wp\/v2\/media\/10174"}],"wp:attachment":[{"href":"https:\/\/www.partidogen.org.ar\/web\/wp-json\/wp\/v2\/media?parent=10173"}],"wp:term":[{"taxonomy":"category","embeddable":true,"href":"https:\/\/www.partidogen.org.ar\/web\/wp-json\/wp\/v2\/categories?post=10173"},{"taxonomy":"post_tag","embeddable":true,"href":"https:\/\/www.partidogen.org.ar\/web\/wp-json\/wp\/v2\/tags?post=10173"}],"curies":[{"name":"wp","href":"https:\/\/api.w.org\/{rel}","templated":true}]}}